{"id":22969,"date":"2026-09-03T11:33:21","date_gmt":"2026-09-03T14:33:21","guid":{"rendered":"https:\/\/roteiroscariocas.com.br\/index.php\/2026\/09\/03\/nos-bastidores-com-daniel-zarmanno-como-nascem-os-figurinos-do-carnaval-2027\/"},"modified":"2026-09-03T11:33:21","modified_gmt":"2026-09-03T14:33:21","slug":"nos-bastidores-com-daniel-zarmanno-como-nascem-os-figurinos-do-carnaval-2027","status":"publish","type":"post","link":"https:\/\/roteiroscariocas.com.br\/index.php\/2026\/09\/03\/nos-bastidores-com-daniel-zarmanno-como-nascem-os-figurinos-do-carnaval-2027\/","title":{"rendered":"Nos bastidores com Daniel Zarmanno: como nascem os figurinos do Carnaval 2027"},"content":{"rendered":"<p>O Carnaval 2027 j\u00e1 come\u00e7a a movimentar os bastidores das escolas de samba, e, para o estilista Daniel Zarmanno, a temporada de trabalho entra em uma das fases mais intensas. Conhecido por sua atua\u00e7\u00e3o na cria\u00e7\u00e3o de figurinos para diferentes segmentos do Carnaval, o profissional apresentou o seu ateli\u00ea e a equipe respons\u00e1vel por transformar ideias, tecidos e materiais em figurinos que ganham vida nas quadras e na Avenida.<\/p>\n<p>A semana marca o in\u00edcio de uma agenda movimentada, com as finais de samba-enredo de diversas agremia\u00e7\u00f5es. Paralelamente \u00e0s escolhas dos sambas que ser\u00e3o levados para a Sapuca\u00ed, Daniel j\u00e1 trabalha nos projetos que ir\u00e3o vestir musas, alas de passistas e diferentes segmentos das escolas ao longo da temporada.<\/p>\n<p>&#8220;O Carnaval \u00e9 feito de muitas etapas e, quando chegamos a esse per\u00edodo, o ateli\u00ea come\u00e7a a viver uma verdadeira maratona. Enquanto as escolas definem seus sambas e intensificam seus eventos, n\u00f3s estamos criando, produzindo, ajustando e preparando cada detalhe dos figurinos&#8221;, destaca Daniel.<\/p>\n<p>Al\u00e9m das apresenta\u00e7\u00f5es nas quadras, o calend\u00e1rio inclui os aguardados minidesfiles e ensaios t\u00e9cnicos, momentos que tamb\u00e9m exigem planejamento e produ\u00e7\u00e3o especial. Para o estilista, essas atividades funcionam como uma pr\u00e9via daquilo que ser\u00e1 apresentado oficialmente na Avenida e exigem o mesmo cuidado dedicado ao desfile.<\/p>\n<p>Por tr\u00e1s de cada cria\u00e7\u00e3o existe ainda um trabalho coletivo. Costureiras, aderecistas e profissionais de diferentes \u00e1reas do ateli\u00ea s\u00e3o fundamentais para que os projetos saiam do papel. S\u00e3o m\u00e3os que participam de cada etapa da produ\u00e7\u00e3o e que, ao longo dos anos, ajudaram a construir a trajet\u00f3ria de Daniel Zarmanno no Carnaval.<\/p>\n<p>&#8220;Meu trabalho nunca foi sozinho. Existe uma equipe que est\u00e1 comigo, que acredita nas ideias, enfrenta os desafios e ajuda a transformar cada projeto em realidade. As costureiras, os aderecistas e todos os profissionais que passam pelo ateli\u00ea fazem parte dessa hist\u00f3ria&#8221;, afirma.<\/p>\n<figure class=\"wp-block-image size-large\"><img decoding=\"async\" src=\"https:\/\/roteiroscariocas.com.br\/wp-content\/uploads\/2026\/09\/nos-bastidores-com-daniel-zarmanno-como-nascem-os-figurinos-do-carnaval-2027-corpo1.jpg\" alt=\"Nos bastidores com Daniel Zarmanno: como nascem os figurinos do Carnaval 2027\"\/><\/figure>\n<figure class=\"wp-block-image size-large\"><img decoding=\"async\" src=\"https:\/\/roteiroscariocas.com.br\/wp-content\/uploads\/2026\/09\/nos-bastidores-com-daniel-zarmanno-como-nascem-os-figurinos-do-carnaval-2027-corpo2.jpg\" alt=\"Nos bastidores com Daniel Zarmanno: como nascem os figurinos do Carnaval 2027\"\/><\/figure>\n<figure class=\"wp-block-image size-large\"><img decoding=\"async\" src=\"https:\/\/roteiroscariocas.com.br\/wp-content\/uploads\/2026\/09\/nos-bastidores-com-daniel-zarmanno-como-nascem-os-figurinos-do-carnaval-2027-corpo3.jpg\" alt=\"Nos bastidores com Daniel Zarmanno: como nascem os figurinos do Carnaval 2027\"\/><\/figure>\n<figure class=\"wp-block-image size-large\"><img decoding=\"async\" src=\"https:\/\/roteiroscariocas.com.br\/wp-content\/uploads\/2026\/09\/nos-bastidores-com-daniel-zarmanno-como-nascem-os-figurinos-do-carnaval-2027-corpo4.jpg\" alt=\"Nos bastidores com Daniel Zarmanno: como nascem os figurinos do Carnaval 2027\"\/><\/figure>\n<figure class=\"wp-block-image size-large\"><img decoding=\"async\" src=\"https:\/\/roteiroscariocas.com.br\/wp-content\/uploads\/2026\/09\/nos-bastidores-com-daniel-zarmanno-como-nascem-os-figurinos-do-carnaval-2027-corpo5.jpg\" alt=\"Nos bastidores com Daniel Zarmanno: como nascem os figurinos do Carnaval 2027\"\/><\/figure>\n<figure class=\"wp-block-image size-large\"><img decoding=\"async\" src=\"https:\/\/roteiroscariocas.com.br\/wp-content\/uploads\/2026\/09\/nos-bastidores-com-daniel-zarmanno-como-nascem-os-figurinos-do-carnaval-2027-corpo6.jpg\" alt=\"Nos bastidores com Daniel Zarmanno: como nascem os figurinos do Carnaval 2027\"\/><\/figure>\n<figure class=\"wp-block-image size-large\"><img decoding=\"async\" src=\"https:\/\/roteiroscariocas.com.br\/wp-content\/uploads\/2026\/09\/nos-bastidores-com-daniel-zarmanno-como-nascem-os-figurinos-do-carnaval-2027-corpo7.jpg\" alt=\"Nos bastidores com Daniel Zarmanno: como nascem os figurinos do Carnaval 2027\"\/><\/figure>\n<figure class=\"wp-block-image size-large\"><img decoding=\"async\" src=\"https:\/\/roteiroscariocas.com.br\/wp-content\/uploads\/2026\/09\/nos-bastidores-com-daniel-zarmanno-como-nascem-os-figurinos-do-carnaval-2027-corpo8.jpg\" alt=\"Nos bastidores com Daniel Zarmanno: como nascem os figurinos do Carnaval 2027\"\/><\/figure>\n","protected":false},"excerpt":{"rendered":"<p>Estilista abre seu ateli\u00ea e mostra a maratona de cria\u00e7\u00e3o que veste a Avenida<\/p>\n","protected":false},"author":1,"featured_media":22950,"comment_status":"","ping_status":"open","sticky":false,"template":"","format":"standard","meta":{"colormag_page_container_layout":"default_layout","colormag_page_sidebar_layout":"default_layout","ngg_post_thumbnail":0,"footnotes":""},"categories":[34],"tags":[],"class_list":["post-22969","post","type-post","status-publish","format-standard","has-post-thumbnail","hentry","category-noticias"],"_links":{"self":[{"href":"https:\/\/roteiroscariocas.com.br\/index.php\/wp-json\/wp\/v2\/posts\/22969","targetHints":{"allow":["GET"]}}],"collection":[{"href":"https:\/\/roteiroscariocas.com.br\/index.php\/wp-json\/wp\/v2\/posts"}],"about":[{"href":"https:\/\/roteiroscariocas.com.br\/index.php\/wp-json\/wp\/v2\/types\/post"}],"author":[{"embeddable":true,"href":"https:\/\/roteiroscariocas.com.br\/index.php\/wp-json\/wp\/v2\/users\/1"}],"replies":[{"embeddable":true,"href":"https:\/\/roteiroscariocas.com.br\/index.php\/wp-json\/wp\/v2\/comments?post=22969"}],"version-history":[{"count":0,"href":"https:\/\/roteiroscariocas.com.br\/index.php\/wp-json\/wp\/v2\/posts\/22969\/revisions"}],"wp:featuredmedia":[{"embeddable":true,"href":"https:\/\/roteiroscariocas.com.br\/index.php\/wp-json\/wp\/v2\/media\/22950"}],"wp:attachment":[{"href":"https:\/\/roteiroscariocas.com.br\/index.php\/wp-json\/wp\/v2\/media?parent=22969"}],"wp:term":[{"taxonomy":"category","embeddable":true,"href":"https:\/\/roteiroscariocas.com.br\/index.php\/wp-json\/wp\/v2\/categories?post=22969"},{"taxonomy":"post_tag","embeddable":true,"href":"https:\/\/roteiroscariocas.com.br\/index.php\/wp-json\/wp\/v2\/tags?post=22969"}],"curies":[{"name":"wp","href":"https:\/\/api.w.org\/{rel}","templated":true}]}}