{"id":22971,"date":"2026-09-03T00:09:08","date_gmt":"2026-09-03T03:09:08","guid":{"rendered":"https:\/\/roteiroscariocas.com.br\/index.php\/2026\/09\/03\/sao-clemente-abre-disputa-de-samba-e-celebra-retorno-a-sapucai-com-cara-nova\/"},"modified":"2026-09-03T00:09:08","modified_gmt":"2026-09-03T03:09:08","slug":"sao-clemente-abre-disputa-de-samba-e-celebra-retorno-a-sapucai-com-cara-nova","status":"publish","type":"post","link":"https:\/\/roteiroscariocas.com.br\/index.php\/2026\/09\/03\/sao-clemente-abre-disputa-de-samba-e-celebra-retorno-a-sapucai-com-cara-nova\/","title":{"rendered":"S\u00e3o Clemente abre disputa de samba e celebra retorno \u00e0 Sapuca\u00ed com cara nova"},"content":{"rendered":"<p>A quadra da S\u00e3o Clemente, no Centro do Rio, ferveu na \u00faltima sexta-feira com o pontap\u00e9 inicial para o Carnaval 2027. A tradicional escola da Zona Sul abriu sua disputa de samba-enredo em clima de total renova\u00e7\u00e3o e com a comunidade de bra\u00e7os abertos para a nova gest\u00e3o de Thiago Almeida. Depois de uma passagem pela Intendente Magalh\u00e3es, a agremia\u00e7\u00e3o se prepara para abrir os desfiles da S\u00e9rie Ouro na Marqu\u00eas de Sapuca\u00ed, trazendo um enredo que promete resgatar a identidade irreverente e familiar que \u00e9 a verdadeira marca registrada dos clementinos.<\/p>\n<p>O clima nos bastidores \u00e9 de pura confian\u00e7a no projeto assinado pela carnavalesca Annik Salmon, que j\u00e1 colocou a m\u00e3o na massa para desenhar os carros e produzir os prot\u00f3tipos das fantasias. A harmonia se estende para o carro de som, agora comandado pelo int\u00e9rprete Chic\u00e3o, e para o bailado do casal de mestre-sala e porta-bandeira, Alex Marcelino e Thais Romi. O foco do grupo \u00e9 usar a t\u00e9cnica e a paix\u00e3o da comunidade para fazer uma apresenta\u00e7\u00e3o marcante, mostrando que a S\u00e3o Clemente voltou ao palco principal do samba para cravar o seu espa\u00e7o em definitivo.<\/p>\n","protected":false},"excerpt":{"rendered":"<p>De presidente novo e com a carnavalesca Annik Salmon empolgada, a preta e amarela de Botafogo quer impactar a Avenida<\/p>\n","protected":false},"author":1,"featured_media":22970,"comment_status":"","ping_status":"open","sticky":false,"template":"","format":"standard","meta":{"colormag_page_container_layout":"default_layout","colormag_page_sidebar_layout":"default_layout","ngg_post_thumbnail":0,"footnotes":""},"categories":[38],"tags":[],"class_list":["post-22971","post","type-post","status-publish","format-standard","has-post-thumbnail","hentry","category-ouro"],"_links":{"self":[{"href":"https:\/\/roteiroscariocas.com.br\/index.php\/wp-json\/wp\/v2\/posts\/22971","targetHints":{"allow":["GET"]}}],"collection":[{"href":"https:\/\/roteiroscariocas.com.br\/index.php\/wp-json\/wp\/v2\/posts"}],"about":[{"href":"https:\/\/roteiroscariocas.com.br\/index.php\/wp-json\/wp\/v2\/types\/post"}],"author":[{"embeddable":true,"href":"https:\/\/roteiroscariocas.com.br\/index.php\/wp-json\/wp\/v2\/users\/1"}],"replies":[{"embeddable":true,"href":"https:\/\/roteiroscariocas.com.br\/index.php\/wp-json\/wp\/v2\/comments?post=22971"}],"version-history":[{"count":0,"href":"https:\/\/roteiroscariocas.com.br\/index.php\/wp-json\/wp\/v2\/posts\/22971\/revisions"}],"wp:featuredmedia":[{"embeddable":true,"href":"https:\/\/roteiroscariocas.com.br\/index.php\/wp-json\/wp\/v2\/media\/22970"}],"wp:attachment":[{"href":"https:\/\/roteiroscariocas.com.br\/index.php\/wp-json\/wp\/v2\/media?parent=22971"}],"wp:term":[{"taxonomy":"category","embeddable":true,"href":"https:\/\/roteiroscariocas.com.br\/index.php\/wp-json\/wp\/v2\/categories?post=22971"},{"taxonomy":"post_tag","embeddable":true,"href":"https:\/\/roteiroscariocas.com.br\/index.php\/wp-json\/wp\/v2\/tags?post=22971"}],"curies":[{"name":"wp","href":"https:\/\/api.w.org\/{rel}","templated":true}]}}