{"id":22978,"date":"2026-09-05T18:04:42","date_gmt":"2026-09-05T21:04:42","guid":{"rendered":"https:\/\/roteiroscariocas.com.br\/index.php\/2026\/09\/05\/dona-olinda-revela-carinho-de-mae-e-filho-entre-monarco-e-paulo-barros\/"},"modified":"2026-09-05T18:04:42","modified_gmt":"2026-09-05T21:04:42","slug":"dona-olinda-revela-carinho-de-mae-e-filho-entre-monarco-e-paulo-barros","status":"publish","type":"post","link":"https:\/\/roteiroscariocas.com.br\/index.php\/2026\/09\/05\/dona-olinda-revela-carinho-de-mae-e-filho-entre-monarco-e-paulo-barros\/","title":{"rendered":"Dona Olinda revela carinho de m\u00e3e e filho entre Monarco e Paulo Barros"},"content":{"rendered":"<p>Na madrugada em que a Portela escolheu o samba que contar\u00e1 a hist\u00f3ria de Monarco na Avenida, Dona Olinda Diniz revelou uma face afetiva da constru\u00e7\u00e3o do enredo, a rela\u00e7\u00e3o de carinho entre o baluarte e o carnavalesco Paulo Barros.<\/p>\n<p>\u201cMonarco era muito grato a ele. L\u00e1 em casa, abra\u00e7ava o Paulo como se fosse um filho. Depois do campeonato de 2017, ele abra\u00e7ou o Paulo com uma alegria t\u00e3o grande\u2026 Meu Deus do c\u00e9u\u201d, recordou Dona Olinda durante a final de samba-enredo da Portela realizada nesta sexta-feira (4).<\/p>\n<p>A rela\u00e7\u00e3o dos dois come\u00e7ou antes mesmo do primeiro carnaval de Paulo Barros na escola. Em 2015, Monarco e Noca da Portela foram \u00e0 casa do carnavalesco para falar sobre a hist\u00f3ria, os fundamentos e a identidade da agremia\u00e7\u00e3o. Depois daquele encontro, Paulo disse ter recebido uma \u201caula de hist\u00f3ria da Portela e uma aula de samba\u201d e reconheceu que a conversa com os baluartes teve peso em sua decis\u00e3o de aceitar o convite.<\/p>\n<p>Dois anos depois, Monarco viu Paulo conduzir a Portela ao campeonato de 2017, encerrando uma espera de 33 anos. A conquista aprofundou uma rela\u00e7\u00e3o que j\u00e1 era marcada por admira\u00e7\u00e3o, gratid\u00e3o e afeto.<\/p>\n<p>Segundo Dona Olinda, esse carinho tamb\u00e9m esteve presente nas conversas para o retorno de Paulo \u00e0 Portela. O carnavalesco j\u00e1 alimentava o desejo de transformar Monarco em enredo, mas preferiu guardar a homenagem at\u00e9 que ela pudesse ser anunciada.<\/p>\n<p>\u201cQuando ele foi chamado para voltar \u00e0 Portela, disse que entraria com uma condi\u00e7\u00e3o. Eu perguntei qual era, e ele falou: \u2018Depois voc\u00ea vai saber\u2019. Depois eu soube: era o enredo do Monarco\u201d, contou.<\/p>\n<p>Dona Olinda acompanhou, j\u00e1 na madrugada deste s\u00e1bado (5), a escolha do samba que contar\u00e1 essa hist\u00f3ria na Marqu\u00eas de Sapuca\u00ed. A parceria vencedora foi a de Wanderley Monteiro, Vinicius Ferreira, Jefferson Oliveira, H\u00e9lio Porto, Orlando Ambrosio, W. Correa e Rafael Gigante.<\/p>\n<p>Antes do resultado, ela assistiu ao musical \u201cTransversal do tempo\u201d, que percorreu diferentes momentos da vida de Monarco. Uma das sete cenas foi dedicada \u00e0 hist\u00f3ria de amor do casal. O espet\u00e1culo tamb\u00e9m mostrou a chegada do compositor ao samba, a passagem pela Unidos do Jacarezinho, a dedica\u00e7\u00e3o \u00e0 Velha Guarda e sua rela\u00e7\u00e3o com as novas gera\u00e7\u00f5es.<\/p>\n<p>\u201cFoi muita garra, muito amor e muita uni\u00e3o. Estava tudo lindo: o azul e branco dele, o chap\u00e9u, o carinho das pessoas\u201d, afirmou Dona Olinda.<\/p>\n<p>Agora, Paulo Barros reencontra na Avenida o mestre que um dia o ajudou a compreender a alma portelense. A Portela levar\u00e1 o enredo \u201cAo mestre, com carinho\u201d para o Carnaval de 2027 e ser\u00e1 a primeira escola a desfilar na ter\u00e7a-feira.<\/p>\n","protected":false},"excerpt":{"rendered":"<p>Vi\u00fava do baluarte portelense conta bastidores da rela\u00e7\u00e3o que virou enredo para o Carnaval de 2027<\/p>\n","protected":false},"author":1,"featured_media":22974,"comment_status":"","ping_status":"open","sticky":false,"template":"","format":"standard","meta":{"colormag_page_container_layout":"default_layout","colormag_page_sidebar_layout":"default_layout","ngg_post_thumbnail":0,"footnotes":""},"categories":[37,40],"tags":[],"class_list":["post-22978","post","type-post","status-publish","format-standard","has-post-thumbnail","hentry","category-especial","category-hot"],"_links":{"self":[{"href":"https:\/\/roteiroscariocas.com.br\/index.php\/wp-json\/wp\/v2\/posts\/22978","targetHints":{"allow":["GET"]}}],"collection":[{"href":"https:\/\/roteiroscariocas.com.br\/index.php\/wp-json\/wp\/v2\/posts"}],"about":[{"href":"https:\/\/roteiroscariocas.com.br\/index.php\/wp-json\/wp\/v2\/types\/post"}],"author":[{"embeddable":true,"href":"https:\/\/roteiroscariocas.com.br\/index.php\/wp-json\/wp\/v2\/users\/1"}],"replies":[{"embeddable":true,"href":"https:\/\/roteiroscariocas.com.br\/index.php\/wp-json\/wp\/v2\/comments?post=22978"}],"version-history":[{"count":0,"href":"https:\/\/roteiroscariocas.com.br\/index.php\/wp-json\/wp\/v2\/posts\/22978\/revisions"}],"wp:featuredmedia":[{"embeddable":true,"href":"https:\/\/roteiroscariocas.com.br\/index.php\/wp-json\/wp\/v2\/media\/22974"}],"wp:attachment":[{"href":"https:\/\/roteiroscariocas.com.br\/index.php\/wp-json\/wp\/v2\/media?parent=22978"}],"wp:term":[{"taxonomy":"category","embeddable":true,"href":"https:\/\/roteiroscariocas.com.br\/index.php\/wp-json\/wp\/v2\/categories?post=22978"},{"taxonomy":"post_tag","embeddable":true,"href":"https:\/\/roteiroscariocas.com.br\/index.php\/wp-json\/wp\/v2\/tags?post=22978"}],"curies":[{"name":"wp","href":"https:\/\/api.w.org\/{rel}","templated":true}]}}