{"id":22980,"date":"2026-09-05T07:06:16","date_gmt":"2026-09-05T10:06:16","guid":{"rendered":"https:\/\/roteiroscariocas.com.br\/index.php\/2026\/09\/05\/portela-ja-tem-hino-para-2027-e-wanderley-monteiro-fatura-sua-nona-vitoria\/"},"modified":"2026-09-05T07:06:16","modified_gmt":"2026-09-05T10:06:16","slug":"portela-ja-tem-hino-para-2027-e-wanderley-monteiro-fatura-sua-nona-vitoria","status":"publish","type":"post","link":"https:\/\/roteiroscariocas.com.br\/index.php\/2026\/09\/05\/portela-ja-tem-hino-para-2027-e-wanderley-monteiro-fatura-sua-nona-vitoria\/","title":{"rendered":"Portela j\u00e1 tem hino para 2027 e Wanderley Monteiro fatura sua nona vit\u00f3ria"},"content":{"rendered":"<p>A quadra da Portela ferveu at\u00e9 o amanhecer deste s\u00e1bado para consagrar o samba-enredo que vai embalar o Carnaval 2027. Em uma disputa acirrada, a parceria liderada por Wanderley Monteiro levou a melhor e garantiu a trilha sonora para o enredo que homenageia o eterno mestre Monarco, desenvolvido pelo carnavalesco Paulo Barros. Com a vit\u00f3ria, Wanderley alcan\u00e7a a impressionante marca de nove sambas conquistados na Azul e Branco de Oswaldo Cruz e Madureira, consolidando seu nome na hist\u00f3ria da Majestade do Samba ao lado dos parceiros Vinicius Ferreira, Jefferson Oliveira, H\u00e9lio Porto, Orlando Ambrosio, W. Correa e Rafael Gigante.<\/p>\n<p>A noite de festa contou com um show emocionante que relembrou a trajet\u00f3ria do baluarte portelense, reunindo a comunidade e convidados especiais no palco. Na hora das apresenta\u00e7\u00f5es dos finalistas, a obra campe\u00e3 se destacou pela for\u00e7a do canto da quadra, que entoou os versos com paix\u00e3o e mostrou que o samba j\u00e1 est\u00e1 na boca do povo. A Portela ser\u00e1 a primeira escola a cruzar a Marqu\u00eas de Sapuca\u00ed na ter\u00e7a-feira de Carnaval, prometendo um desfile repleto de emo\u00e7\u00e3o e eleg\u00e2ncia para celebrar o legado de um de seus maiores \u00edcones.<\/p>\n","protected":false},"excerpt":{"rendered":"<p>Parceria de peso leva a melhor na disputa para embalar o enredo de Paulo Barros em homenagem ao mestre Monarco<\/p>\n","protected":false},"author":1,"featured_media":22979,"comment_status":"","ping_status":"open","sticky":false,"template":"","format":"standard","meta":{"colormag_page_container_layout":"default_layout","colormag_page_sidebar_layout":"default_layout","ngg_post_thumbnail":0,"footnotes":""},"categories":[37],"tags":[],"class_list":["post-22980","post","type-post","status-publish","format-standard","has-post-thumbnail","hentry","category-especial"],"_links":{"self":[{"href":"https:\/\/roteiroscariocas.com.br\/index.php\/wp-json\/wp\/v2\/posts\/22980","targetHints":{"allow":["GET"]}}],"collection":[{"href":"https:\/\/roteiroscariocas.com.br\/index.php\/wp-json\/wp\/v2\/posts"}],"about":[{"href":"https:\/\/roteiroscariocas.com.br\/index.php\/wp-json\/wp\/v2\/types\/post"}],"author":[{"embeddable":true,"href":"https:\/\/roteiroscariocas.com.br\/index.php\/wp-json\/wp\/v2\/users\/1"}],"replies":[{"embeddable":true,"href":"https:\/\/roteiroscariocas.com.br\/index.php\/wp-json\/wp\/v2\/comments?post=22980"}],"version-history":[{"count":0,"href":"https:\/\/roteiroscariocas.com.br\/index.php\/wp-json\/wp\/v2\/posts\/22980\/revisions"}],"wp:featuredmedia":[{"embeddable":true,"href":"https:\/\/roteiroscariocas.com.br\/index.php\/wp-json\/wp\/v2\/media\/22979"}],"wp:attachment":[{"href":"https:\/\/roteiroscariocas.com.br\/index.php\/wp-json\/wp\/v2\/media?parent=22980"}],"wp:term":[{"taxonomy":"category","embeddable":true,"href":"https:\/\/roteiroscariocas.com.br\/index.php\/wp-json\/wp\/v2\/categories?post=22980"},{"taxonomy":"post_tag","embeddable":true,"href":"https:\/\/roteiroscariocas.com.br\/index.php\/wp-json\/wp\/v2\/tags?post=22980"}],"curies":[{"name":"wp","href":"https:\/\/api.w.org\/{rel}","templated":true}]}}