{"id":22985,"date":"2026-09-05T06:16:15","date_gmt":"2026-09-05T09:16:15","guid":{"rendered":"https:\/\/roteiroscariocas.com.br\/index.php\/2026\/09\/05\/portela-escolhe-samba-de-wanderley-monteiro-para-homenagear-monarco-em-2027\/"},"modified":"2026-09-05T06:16:15","modified_gmt":"2026-09-05T09:16:15","slug":"portela-escolhe-samba-de-wanderley-monteiro-para-homenagear-monarco-em-2027","status":"publish","type":"post","link":"https:\/\/roteiroscariocas.com.br\/index.php\/2026\/09\/05\/portela-escolhe-samba-de-wanderley-monteiro-para-homenagear-monarco-em-2027\/","title":{"rendered":"Portela escolhe samba de Wanderley Monteiro para homenagear Monarco em 2027"},"content":{"rendered":"<p>Passava das 5h da manh\u00e3 quando a Portela anunciou o samba-enredo que levar\u00e1 para a Marqu\u00eas de Sapuca\u00ed no Carnaval de 2027. O presidente da escola, Junior Escafura, reuniu todos os segmentos em sua sala antes de anunciar que a parceria vencedora \u00e9 formada por Wanderley Monteiro, Vinicius Ferreira, Jefferson Oliveira, H\u00e9lio Porto, Orlando Ambrosio, W. Correa e Rafael Gigante. A obra embalar\u00e1 o enredo \u201cAo mestre, com carinho\u201d, desenvolvido pelo carnavalesco Paulo Barros em homenagem a Monarco.<\/p>\n<p>A disputa final reuniu tamb\u00e9m as parcerias lideradas por Jorge do Batuke e Cec\u00edlia Cruz. A disputa come\u00e7ou com 36 obras e mais de 200 compositores.<\/p>\n<p>Com o resultado, Wanderley Monteiro chega ao nono samba vencedor na Portela. O compositor j\u00e1 havia vencido em 2009, 2011, 2012, 2013, 2016, 2022, 2023 e 2024. Vinicius Ferreira e Rafael Gigante alcan\u00e7am a quinta vit\u00f3ria na escola. Jefferson Oliveira chega \u00e0 quarta e H\u00e9lio Porto, \u00e0 terceira. Para Orlando Ambrosio e W. Correa, o resultado representa a primeira conquista na Azul e Branco.<\/p>\n<p>\u201cAntes da final, eu disse que o cora\u00e7\u00e3o ia sair pela boca. Agora, depois desse resultado, \u00e9 dif\u00edcil explicar o que estou sentindo. Monarco \u00e9 o nosso mestre e uma refer\u00eancia para todos n\u00f3s. Vencer um samba que vai contar a hist\u00f3ria dele e chegar \u00e0 minha nona vit\u00f3ria na Portela \u00e9 uma honra imensa. Esse resultado \u00e9 de toda a parceria e da comunidade, que cantou com a gente at\u00e9 o fim\u201d, celebra Wanderley Monteiro.<\/p>\n<p>A escolha do samba encerrou uma noite marcada por homenagens a Monarco e por uma viagem pela hist\u00f3ria da Portela. A escola distribuiu ao p\u00fablico mil chap\u00e9us-panam\u00e1 e mil rosas brancas, elementos ligados \u00e0 eleg\u00e2ncia e \u00e0 imagem do compositor.<\/p>\n<p>A programa\u00e7\u00e3o come\u00e7ou com uma roda de samba dos Crias da Jaqueira no meio da quadra, recriando o ambiente que acompanhou Monarco durante grande parte de sua trajet\u00f3ria.<\/p>\n<p>Na sequ\u00eancia, a Portela apresentou o musical \u201cTransversal do tempo\u201d. Dividido em sete cenas, o espet\u00e1culo percorreu momentos da vida do homenageado, desde sua chegada ao samba at\u00e9 a rela\u00e7\u00e3o com as novas gera\u00e7\u00f5es, a hist\u00f3ria de amor com Olinda, sua passagem pela Unidos do Jacarezinho, a dedica\u00e7\u00e3o \u00e0 Velha Guarda e a liga\u00e7\u00e3o com o povo do samba.<\/p>\n<p>O musical terminou em clima de gafieira, ao som de \u201cVai Vadiar\u201d, com pandeiros, malandros, casais e a presen\u00e7a do pavilh\u00e3o da Portela.<\/p>\n<p>\u201cA Portela viveu uma noite \u00e0 altura de Monarco. Celebramos sua obra, sua eleg\u00e2ncia e tudo o que ele representa para a nossa hist\u00f3ria. Agora temos o samba que levar\u00e1 essa homenagem para a Avenida. A fam\u00edlia portelense fez parte dessa escolha e mostrou, mais uma vez, a for\u00e7a da nossa comunidade\u201d, afirma Luiz Carlos Escafura, presidente da Portela.<\/p>\n<p>A festa tamb\u00e9m percorreu diferentes momentos da hist\u00f3ria da escola. Participaram do espet\u00e1culo a bateria Tabajara do Samba, sob o comando de Mestre Vitinho e com a rainha Bianca Monteiro, os casais de mestre-sala e porta-bandeira, entre eles o primeiro casal, formado por Squel Jorgea e Marlon Lamar, da Velha Guarda Show, das baianas, dos passistas, das musas, das cabrochas e de outros segmentos.<\/p>\n<p>Entoado pelo int\u00e9rprete Bruno Ribas e pelo carro de som da agremia\u00e7\u00e3o, o repert\u00f3rio reuniu cl\u00e1ssicos como \u201cPortela na Avenida\u201d, \u201cTributo \u00e0 Vaidade\u201d, \u201cLendas e Mist\u00e9rios da Amaz\u00f4nia\u201d, \u201cDas Maravilhas do Mar, Fez-se o Esplendor de uma Noite\u201d, \u201cGosto que Me Enrosco\u201d e \u201cMadureira Sobe o Pel\u00f4\u201d. Sambas mais recentes, como \u201cAlod\u00ea, a Senhora da Amaz\u00f4nia\u201d, \u201cNa Madureira Modern\u00edssima, Hei Sempre de Ouvir Cantar uma Sabi\u00e1\u201d, \u201cQuem Nunca Sentiu o Corpo Arrepiar ao Ver Esse Rio Passar\u201d e \u201cUm Defeito de Cor\u201d, tamb\u00e9m integraram a apresenta\u00e7\u00e3o.<\/p>\n<p>Clara Nunes foi homenageada no trecho dedicado ao desfile de 2019, com refer\u00eancias a Ogum e Ians\u00e3. O show ainda teve \u201cMaria, Maria\u201d, em homenagem \u00e0s mulheres, e contou com a participa\u00e7\u00e3o de integrantes das equipes de harmonia das 12 agremia\u00e7\u00f5es do Grupo Especial.<\/p>\n<p>\u201cO espet\u00e1culo mostrou que Monarco n\u00e3o est\u00e1 separado da hist\u00f3ria da Portela. Ele \u00e9 um dos grandes fios que atravessam essa mem\u00f3ria. Foi uma celebra\u00e7\u00e3o do fundamento portelense e da escola que estamos construindo para 2027\u201d, explica Camar\u00e3o Netto, integrante da Dire\u00e7\u00e3o de Carnaval da Portela ao lado de Dudu Falc\u00e3o e Elisa Fernandes.<\/p>\n<p>Nascido em 1933, Monarco foi criado em Oswaldo Cruz e entrou para a Ala de Compositores da Portela em 1950. Sua obra foi gravada por nomes como Paulinho da Viola, Jo\u00e3o Nogueira, Beth Carvalho, Roberto Ribeiro e Zeca Pagodinho.<\/p>\n<p>O enredo \u201cAo mestre, com carinho\u201d \u00e9 desenvolvido pelo carnavalesco Paulo Barros. A Portela ser\u00e1 a primeira escola a desfilar na ter\u00e7a-feira de Carnaval em 2027.<\/p>\n","protected":false},"excerpt":{"rendered":"<p>Parceria campe\u00e3 foi anunciada em noite emocionante com distribui\u00e7\u00e3o de chap\u00e9us-panam\u00e1 e rosas brancas na quadra<\/p>\n","protected":false},"author":1,"featured_media":22981,"comment_status":"","ping_status":"open","sticky":false,"template":"","format":"standard","meta":{"colormag_page_container_layout":"default_layout","colormag_page_sidebar_layout":"default_layout","ngg_post_thumbnail":0,"footnotes":""},"categories":[37,40],"tags":[],"class_list":["post-22985","post","type-post","status-publish","format-standard","has-post-thumbnail","hentry","category-especial","category-hot"],"_links":{"self":[{"href":"https:\/\/roteiroscariocas.com.br\/index.php\/wp-json\/wp\/v2\/posts\/22985","targetHints":{"allow":["GET"]}}],"collection":[{"href":"https:\/\/roteiroscariocas.com.br\/index.php\/wp-json\/wp\/v2\/posts"}],"about":[{"href":"https:\/\/roteiroscariocas.com.br\/index.php\/wp-json\/wp\/v2\/types\/post"}],"author":[{"embeddable":true,"href":"https:\/\/roteiroscariocas.com.br\/index.php\/wp-json\/wp\/v2\/users\/1"}],"replies":[{"embeddable":true,"href":"https:\/\/roteiroscariocas.com.br\/index.php\/wp-json\/wp\/v2\/comments?post=22985"}],"version-history":[{"count":0,"href":"https:\/\/roteiroscariocas.com.br\/index.php\/wp-json\/wp\/v2\/posts\/22985\/revisions"}],"wp:featuredmedia":[{"embeddable":true,"href":"https:\/\/roteiroscariocas.com.br\/index.php\/wp-json\/wp\/v2\/media\/22981"}],"wp:attachment":[{"href":"https:\/\/roteiroscariocas.com.br\/index.php\/wp-json\/wp\/v2\/media?parent=22985"}],"wp:term":[{"taxonomy":"category","embeddable":true,"href":"https:\/\/roteiroscariocas.com.br\/index.php\/wp-json\/wp\/v2\/categories?post=22985"},{"taxonomy":"post_tag","embeddable":true,"href":"https:\/\/roteiroscariocas.com.br\/index.php\/wp-json\/wp\/v2\/tags?post=22985"}],"curies":[{"name":"wp","href":"https:\/\/api.w.org\/{rel}","templated":true}]}}