{"id":23005,"date":"2026-09-04T19:09:21","date_gmt":"2026-09-04T22:09:21","guid":{"rendered":"https:\/\/roteiroscariocas.com.br\/index.php\/2026\/09\/04\/unidos-da-tijuca-escolhe-os-finalistas-do-samba-para-2027\/"},"modified":"2026-09-04T19:09:21","modified_gmt":"2026-09-04T22:09:21","slug":"unidos-da-tijuca-escolhe-os-finalistas-do-samba-para-2027","status":"publish","type":"post","link":"https:\/\/roteiroscariocas.com.br\/index.php\/2026\/09\/04\/unidos-da-tijuca-escolhe-os-finalistas-do-samba-para-2027\/","title":{"rendered":"Unidos da Tijuca escolhe os finalistas do samba para 2027"},"content":{"rendered":"<p>Ap\u00f3s cinco eliminat\u00f3rias, a Unidos da Tijuca definiu os sambas finalistas para o Carnaval 2027 nesta sexta-feira, 04 de setembro. Das quinze obras inscritas, quatro parcerias foram selecionadas para a grande final, que acontecer\u00e1 dia 12 de setembro. No pr\u00f3ximo carnaval, a amarelo ouro e azul pav\u00e3o do Morro do Borel levar\u00e1 para a Sapuca\u00ed na segunda-feira de carnaval o enredo &#8220;A Cabe\u00e7a do Santo&#8221; inspirado no livro de mesma autoria da escritora Socorro Acioli e desenvolvido pelo carnavalesco Lucas Milato.<\/p>\n<p>Confira as parcerias finalistas:<\/p>\n<p>Samba 1, Compositores: Leandro Ga\u00facho, Padre Felipe Calisto, Marcelo Moraes, Ricardo Constru\u00e7\u00e3o e Ailson Pican\u00e7o<\/p>\n<p>Samba 7, Compositores: Lico Monteiro, Marcelo Adnet, Marcelo Lepiane, Telmo AG da Estiva, Juca Gomes<\/p>\n<p>Samba 9, Compositores: Ian Ruas, Caio Miranda e Jos\u00e9 Carlos<\/p>\n<p>Samba 16, Compositores: Arlindinho Cruz, Fred Camacho, Bruno Dallari, Igor Leal e Diego Nicolau<\/p>\n<p>Os ingressos para a grande noite poder\u00e3o ser adquiridos antecipadamente atrav\u00e9s do Sympla ou no televendas 21 96451-5719. A pista custa R$ 40,00 (antecipado).<\/p>\n<p>A quadra da escola fica situada \u00e0 Avenida Francisco Bicalho n\u00ba 47, Santo Cristo. H\u00e1 estacionamento amplo no local.<\/p>\n<p><strong>Servi\u00e7o:<\/strong><\/p>\n<p>Final de Samba-Enredo, Carnaval 2027<br \/>Data: 12\/09\/2026<br \/>Hor\u00e1rio: A partir das 21h<br \/>Entrada: A partir de R$ 40,00 (antecipado) e R$ 50,00 (na hora), Entrada Franca para componentes, segmentos e componentes de outras escolas com carteirinha.<br \/>Mesa para 4 pessoas, R$ 150,00 (sem ingressos inclusos)<br \/>Mesa para 4 pessoas, R$ 310,00 (com ingressos inclusos)<br \/>Camarote Inferior para 10 pessoas, R$ 1.000,00<br \/>Camarote Superior para 10 pessoas, R$ 1.200,00<br \/>Vendas On-line: https:\/\/www.sympla.com.br\/evento\/grande-final-de-samba-enredo-da-unidos-da-tijuca-carnaval-2027\/3559098?mp_rloc=Home&#038;mp_rtil=Vistos+recentemente<br \/>Reserva de Mesas e Camarotes, 21 96451-5719<br \/>Local: Avenida Francisco Bicalho n\u00ba 47, Santo Cristo<br \/>Classifica\u00e7\u00e3o Livre<\/p>\n<figure class=\"wp-block-image size-large\"><img decoding=\"async\" src=\"https:\/\/roteiroscariocas.com.br\/wp-content\/uploads\/2026\/09\/unidos-da-tijuca-escolhe-os-finalistas-do-samba-para-2027-corpo1.jpg\" alt=\"Unidos da Tijuca escolhe os finalistas do samba para 2027\"\/><\/figure>\n<figure class=\"wp-block-image size-large\"><img decoding=\"async\" src=\"https:\/\/roteiroscariocas.com.br\/wp-content\/uploads\/2026\/09\/unidos-da-tijuca-escolhe-os-finalistas-do-samba-para-2027-corpo2.jpg\" alt=\"Unidos da Tijuca escolhe os finalistas do samba para 2027\"\/><\/figure>\n<figure class=\"wp-block-image size-large\"><img decoding=\"async\" src=\"https:\/\/roteiroscariocas.com.br\/wp-content\/uploads\/2026\/09\/unidos-da-tijuca-escolhe-os-finalistas-do-samba-para-2027-corpo3.jpg\" alt=\"Unidos da Tijuca escolhe os finalistas do samba para 2027\"\/><\/figure>\n<figure class=\"wp-block-image size-large\"><img decoding=\"async\" src=\"https:\/\/roteiroscariocas.com.br\/wp-content\/uploads\/2026\/09\/unidos-da-tijuca-escolhe-os-finalistas-do-samba-para-2027-corpo4.jpg\" alt=\"Unidos da Tijuca escolhe os finalistas do samba para 2027\"\/><\/figure>\n<figure class=\"wp-block-image size-large\"><img decoding=\"async\" src=\"https:\/\/roteiroscariocas.com.br\/wp-content\/uploads\/2026\/09\/unidos-da-tijuca-escolhe-os-finalistas-do-samba-para-2027-corpo5.jpg\" alt=\"Unidos da Tijuca escolhe os finalistas do samba para 2027\"\/><\/figure>\n<figure class=\"wp-block-image size-large\"><img decoding=\"async\" src=\"https:\/\/roteiroscariocas.com.br\/wp-content\/uploads\/2026\/09\/unidos-da-tijuca-escolhe-os-finalistas-do-samba-para-2027-corpo6.jpg\" alt=\"Unidos da Tijuca escolhe os finalistas do samba para 2027\"\/><\/figure>\n<figure class=\"wp-block-image size-large\"><img decoding=\"async\" src=\"https:\/\/roteiroscariocas.com.br\/wp-content\/uploads\/2026\/09\/unidos-da-tijuca-escolhe-os-finalistas-do-samba-para-2027-corpo7.jpg\" alt=\"Unidos da Tijuca escolhe os finalistas do samba para 2027\"\/><\/figure>\n<figure class=\"wp-block-image size-large\"><img decoding=\"async\" src=\"https:\/\/roteiroscariocas.com.br\/wp-content\/uploads\/2026\/09\/unidos-da-tijuca-escolhe-os-finalistas-do-samba-para-2027-corpo8.jpg\" alt=\"Unidos da Tijuca escolhe os finalistas do samba para 2027\"\/><\/figure>\n","protected":false},"excerpt":{"rendered":"<p>Quatro parcerias disputam a grande final no dia 12 de setembro na quadra da escola<\/p>\n","protected":false},"author":1,"featured_media":22986,"comment_status":"","ping_status":"open","sticky":false,"template":"","format":"standard","meta":{"colormag_page_container_layout":"default_layout","colormag_page_sidebar_layout":"default_layout","ngg_post_thumbnail":0,"footnotes":""},"categories":[37,40],"tags":[],"class_list":["post-23005","post","type-post","status-publish","format-standard","has-post-thumbnail","hentry","category-especial","category-hot"],"_links":{"self":[{"href":"https:\/\/roteiroscariocas.com.br\/index.php\/wp-json\/wp\/v2\/posts\/23005","targetHints":{"allow":["GET"]}}],"collection":[{"href":"https:\/\/roteiroscariocas.com.br\/index.php\/wp-json\/wp\/v2\/posts"}],"about":[{"href":"https:\/\/roteiroscariocas.com.br\/index.php\/wp-json\/wp\/v2\/types\/post"}],"author":[{"embeddable":true,"href":"https:\/\/roteiroscariocas.com.br\/index.php\/wp-json\/wp\/v2\/users\/1"}],"replies":[{"embeddable":true,"href":"https:\/\/roteiroscariocas.com.br\/index.php\/wp-json\/wp\/v2\/comments?post=23005"}],"version-history":[{"count":0,"href":"https:\/\/roteiroscariocas.com.br\/index.php\/wp-json\/wp\/v2\/posts\/23005\/revisions"}],"wp:featuredmedia":[{"embeddable":true,"href":"https:\/\/roteiroscariocas.com.br\/index.php\/wp-json\/wp\/v2\/media\/22986"}],"wp:attachment":[{"href":"https:\/\/roteiroscariocas.com.br\/index.php\/wp-json\/wp\/v2\/media?parent=23005"}],"wp:term":[{"taxonomy":"category","embeddable":true,"href":"https:\/\/roteiroscariocas.com.br\/index.php\/wp-json\/wp\/v2\/categories?post=23005"},{"taxonomy":"post_tag","embeddable":true,"href":"https:\/\/roteiroscariocas.com.br\/index.php\/wp-json\/wp\/v2\/tags?post=23005"}],"curies":[{"name":"wp","href":"https:\/\/api.w.org\/{rel}","templated":true}]}}