{"id":23010,"date":"2026-09-04T16:05:18","date_gmt":"2026-09-04T19:05:18","guid":{"rendered":"https:\/\/roteiroscariocas.com.br\/index.php\/2026\/09\/04\/coracao-em-desalinho-portela-escolhe-hoje-o-samba-para-o-tributo-a-monarco\/"},"modified":"2026-09-04T16:05:18","modified_gmt":"2026-09-04T19:05:18","slug":"coracao-em-desalinho-portela-escolhe-hoje-o-samba-para-o-tributo-a-monarco","status":"publish","type":"post","link":"https:\/\/roteiroscariocas.com.br\/index.php\/2026\/09\/04\/coracao-em-desalinho-portela-escolhe-hoje-o-samba-para-o-tributo-a-monarco\/","title":{"rendered":"Cora\u00e7\u00e3o em desalinho? Portela escolhe hoje o samba para o tributo a Monarco"},"content":{"rendered":"<p>A Portela escolhe nesta sexta-feira (4) o samba-enredo que levar\u00e1 para a Marqu\u00eas de Sapuca\u00ed no Carnaval de 2027. Tr\u00eas parcerias disputam a final do concurso, que come\u00e7ou com 36 obras e reuniu mais de 200 compositores. A programa\u00e7\u00e3o come\u00e7a \u00e0s 22h, na quadra da escola, em Oswaldo Cruz.<\/p>\n<p>Na noite desta quinta-feira (3), a Portela realizou seu \u00faltimo ensaio antes da decis\u00e3o. Integrantes dos diferentes segmentos participaram dos ajustes finais para o evento, que marcar\u00e1 o in\u00edcio de uma grande homenagem a Monarco, enredo da escola para o pr\u00f3ximo carnaval.<\/p>\n<p>A programa\u00e7\u00e3o art\u00edstica foi constru\u00edda especialmente para a final. \u00c0s 23h, o grupo Crias da Jaqueira comanda uma roda de samba no meio da quadra, em uma configura\u00e7\u00e3o pensada para aproximar m\u00fasicos e p\u00fablico e recriar o ambiente que acompanhou Monarco durante grande parte de sua trajet\u00f3ria.<\/p>\n<p>\u00c0 meia-noite, come\u00e7a o show da Portela. Um dos pontos centrais ser\u00e1 o musical \u201cTransversal do tempo\u201d, que apresentar\u00e1 a vida do compositor em sete cenas. O roteiro parte de sua chegada ao samba e passa pela rela\u00e7\u00e3o com as novas gera\u00e7\u00f5es, o encontro com Olinda, sua passagem pelo Jacarezinho, a dedica\u00e7\u00e3o \u00e0 Velha Guarda e a liga\u00e7\u00e3o com o povo do samba.<\/p>\n<p>A apresenta\u00e7\u00e3o terminar\u00e1 em clima de gafieira, com \u201cVai Vadiar\u201d, pandeiros, malandros, casais e a presen\u00e7a do pavilh\u00e3o da Portela.<\/p>\n<p>\u201cHoje \u00e9 uma noite muito importante para a Portela. Vamos escolher o samba que contar\u00e1 a hist\u00f3ria de Monarco na Avenida e, ao mesmo tempo, apresentar ao p\u00fablico um pouco do que estamos preparando para 2027. Queremos que a fam\u00edlia portelense participe dessa decis\u00e3o e dessa homenagem\u201d, afirma Luiz Carlos Escafura, presidente da Portela.<\/p>\n<p><strong>VIAGEM PELA HIST\u00d3RIA DA PORTELA<\/strong><\/p>\n<p>Depois do musical, o show da escola percorrer\u00e1 diferentes momentos da hist\u00f3ria portelense, com a participa\u00e7\u00e3o da bateria Tabajara do Samba, dos casais de mestre-sala e porta-bandeira, da Velha Guarda, das baianas, dos passistas, das musas, das cabrochas e de outros segmentos.<\/p>\n<p>O repert\u00f3rio ter\u00e1 cl\u00e1ssicos como \u201cPortela na Avenida\u201d, \u201cTributo \u00e0 Vaidade\u201d, \u201cLendas e Mist\u00e9rios da Amaz\u00f4nia\u201d, \u201cDas Maravilhas do Mar, Fez-se o Esplendor de uma Noite\u201d, \u201cGosto que Me Enrosco\u201d e \u201cMadureira Sobe o Pel\u00f4\u201d. Sambas mais recentes, como \u201cAlod\u00ea, a Senhora da Amaz\u00f4nia\u201d, \u201cNa Madureira Modern\u00edssima, Hei Sempre de Ouvir Cantar uma Sabi\u00e1\u201d, \u201cQuem Nunca Sentiu o Corpo Arrepiar ao Ver Esse Rio Passar\u201d e \u201cUm Defeito de Cor\u201d tamb\u00e9m integram a apresenta\u00e7\u00e3o.<\/p>\n<p>Clara Nunes ser\u00e1 homenageada no trecho dedicado ao desfile de 2019, com refer\u00eancias a Ogum e Ians\u00e3. O show ainda ter\u00e1 \u201cMaria, Maria\u201d em homenagem \u00e0s mulheres da escola, al\u00e9m de passagens dedicadas \u00e0 ancestralidade, aos orix\u00e1s e \u00e0 contribui\u00e7\u00e3o dos segmentos que constroem a Portela.<\/p>\n<p>\u201cO espet\u00e1culo foi pensado como uma viagem pela mem\u00f3ria da Portela. Monarco \u00e9 o fio condutor dessa hist\u00f3ria, mas o repert\u00f3rio amplia esse olhar e mostra tudo o que ajudou a formar a identidade da escola. Vamos passar pela Velha Guarda, por Clara Nunes, pelos grandes sambas-enredo, pela religiosidade e pela for\u00e7a dos nossos segmentos. \u00c9 uma celebra\u00e7\u00e3o do fundamento portelense e tamb\u00e9m da Portela que estamos construindo para 2027\u201d, explica Jan Oliveira, diretor art\u00edstico da Portela.<\/p>\n<p><strong>TR\u00caS SAMBAS NA DISPUTA<\/strong><\/p>\n<p>A apresenta\u00e7\u00e3o das parcerias come\u00e7a \u00e0s 2h05. Cada finalista far\u00e1 duas passadas do samba sem o acompanhamento da bateria e, depois, ter\u00e1 mais 20 minutos de apresenta\u00e7\u00e3o com a Tabajara do Samba.<\/p>\n<p>A primeira parceria a subir ao palco ser\u00e1 a de Wanderley Monteiro, com Vinicius Ferreira, Jefferson Oliveira, H\u00e9lio Porto, Orlando Ambrosio, W. Correa e Rafael Gigante.<\/p>\n<p>Em seguida, ser\u00e1 a vez de Jorge do Batuke, M\u00e1rcio Carvalho, Luiz Matos, Jo\u00e3o Menna Barreto, Lucas Alves, J. Ferreira e Araguaci.<\/p>\n<p>A terceira apresenta\u00e7\u00e3o ser\u00e1 de Cec\u00edlia Cruz, Cl\u00e1udio Cruz, Luciano Foga\u00e7a, Fabinho Gomes, G\u00eameos, Osmar Fernandes e Julio Pag\u00e9.<\/p>\n<p>O an\u00fancio do samba campe\u00e3o est\u00e1 previsto para as 4h20.<\/p>\n<p><strong>AO MESTRE, COM CARINHO<\/strong><\/p>\n<p>Nascido in 1933, Monarco foi criado em Oswaldo Cruz e entrou para a Ala de Compositores da Portela em 1950. Ao longo das d\u00e9cadas seguintes, construiu uma obra insepar\u00e1vel da identidade musical da escola.<\/p>\n<p>Suas composi\u00e7\u00f5es foram gravadas por artistas como Paulinho da Viola, Jo\u00e3o Nogueira, Beth Carvalho, Roberto Ribeiro e Zeca Pagodinho. Entre seus principais sambas est\u00e3o \u201cLen\u00e7o\u201d, \u201cPassado de Gl\u00f3ria\u201d, \u201cO Passado da Portela\u201d, \u201cCora\u00e7\u00e3o em Desalinho\u201d, \u201cPortela Desde Crian\u00e7a\u201d e \u201cPortela \u00e9 uma Fam\u00edlia Reunida\u201d.<\/p>\n<p>O enredo \u201cAo mestre, com carinho\u201d \u00e9 desenvolvido pelo carnavalesco Paulo Barros. A Portela ser\u00e1 a primeira escola a desfilar na ter\u00e7a-feira de Carnaval em 2027.<\/p>\n<p><strong>SERVI\u00c7O<\/strong><\/p>\n<p><strong>Final de samba-enredo da Portela para o Carnaval de 2027<\/strong><br \/>Data: sexta-feira, 4 de setembro<br \/>Hor\u00e1rio: a partir das 22h<br \/>Local: Quadra da Portela, Rua Clara Nunes, 81, Oswaldo Cruz<br \/>Ingressos de pista: a partir de R$ 50<br \/>Classifica\u00e7\u00e3o et\u00e1ria: 16 anos<br \/>Vendas: Meu Bilhete<br \/>Transmiss\u00e3o: Rio Carnaval<\/p>\n","protected":false},"excerpt":{"rendered":"<p>Final\u00edssima na quadra de Oswaldo Cruz tem tr\u00eas parcerias na disputa, musical especial e homenagem a Clara Nunes<\/p>\n","protected":false},"author":1,"featured_media":23006,"comment_status":"","ping_status":"open","sticky":false,"template":"","format":"standard","meta":{"colormag_page_container_layout":"default_layout","colormag_page_sidebar_layout":"default_layout","ngg_post_thumbnail":0,"footnotes":""},"categories":[37,40],"tags":[],"class_list":["post-23010","post","type-post","status-publish","format-standard","has-post-thumbnail","hentry","category-especial","category-hot"],"_links":{"self":[{"href":"https:\/\/roteiroscariocas.com.br\/index.php\/wp-json\/wp\/v2\/posts\/23010","targetHints":{"allow":["GET"]}}],"collection":[{"href":"https:\/\/roteiroscariocas.com.br\/index.php\/wp-json\/wp\/v2\/posts"}],"about":[{"href":"https:\/\/roteiroscariocas.com.br\/index.php\/wp-json\/wp\/v2\/types\/post"}],"author":[{"embeddable":true,"href":"https:\/\/roteiroscariocas.com.br\/index.php\/wp-json\/wp\/v2\/users\/1"}],"replies":[{"embeddable":true,"href":"https:\/\/roteiroscariocas.com.br\/index.php\/wp-json\/wp\/v2\/comments?post=23010"}],"version-history":[{"count":0,"href":"https:\/\/roteiroscariocas.com.br\/index.php\/wp-json\/wp\/v2\/posts\/23010\/revisions"}],"wp:featuredmedia":[{"embeddable":true,"href":"https:\/\/roteiroscariocas.com.br\/index.php\/wp-json\/wp\/v2\/media\/23006"}],"wp:attachment":[{"href":"https:\/\/roteiroscariocas.com.br\/index.php\/wp-json\/wp\/v2\/media?parent=23010"}],"wp:term":[{"taxonomy":"category","embeddable":true,"href":"https:\/\/roteiroscariocas.com.br\/index.php\/wp-json\/wp\/v2\/categories?post=23010"},{"taxonomy":"post_tag","embeddable":true,"href":"https:\/\/roteiroscariocas.com.br\/index.php\/wp-json\/wp\/v2\/tags?post=23010"}],"curies":[{"name":"wp","href":"https:\/\/api.w.org\/{rel}","templated":true}]}}