{"id":23018,"date":"2026-09-04T13:02:16","date_gmt":"2026-09-04T16:02:16","guid":{"rendered":"https:\/\/roteiroscariocas.com.br\/index.php\/2026\/09\/04\/unidos-da-tijuca-ganha-nova-casa-obras-da-quadra-na-gamboa-comecam-nesta-sexta\/"},"modified":"2026-09-04T13:02:16","modified_gmt":"2026-09-04T16:02:16","slug":"unidos-da-tijuca-ganha-nova-casa-obras-da-quadra-na-gamboa-comecam-nesta-sexta","status":"publish","type":"post","link":"https:\/\/roteiroscariocas.com.br\/index.php\/2026\/09\/04\/unidos-da-tijuca-ganha-nova-casa-obras-da-quadra-na-gamboa-comecam-nesta-sexta\/","title":{"rendered":"Unidos da Tijuca ganha nova casa: obras da quadra na Gamboa come\u00e7am nesta sexta"},"content":{"rendered":"<p>A Prefeitura do Rio de Janeiro inicia oficialmente nesta sexta-feira, 4 de setembro, com a presen\u00e7a do prefeito, Eduardo Cavaliere, \u00e0s 19 horas, as obras da nova quadra da Unidos da Tijuca que ser\u00e1 constru\u00edda no bairro da Gamboa, vizinha ao barrac\u00e3o, onde s\u00e3o constru\u00eddas as alegorias e fantasias da escola, na Cidade do Samba.<\/p>\n<p>Desde 1993, ocupando o terreno situado \u00e0 Avenida Francisco Bicalho, na zona portu\u00e1ria, espa\u00e7o que pertencia \u00e0 Uni\u00e3o, administrado pelas Docas. Palco dos concorridos ensaios da agremia\u00e7\u00e3o, durante esses anos a quadra da Unidos da Tijuca se tornou um importante espa\u00e7o para o entretenimento na cidade do Rio de Janeiro. Oferecendo um ambiente agrad\u00e1vel e familiar, com samba de qualidade, frequentada por pessoas de todas as classes, ra\u00e7as e sexualidades, que procuram divers\u00e3o com conforto, respeito e seguran\u00e7a, al\u00e9m de receber cariocas de todas as idades e atrair turistas \u00e1vidos pela cultura brasileira do samba.<\/p>\n<p>A nova quadra da Unidos da Tijuca ser\u00e1 localizada na rua Rivad\u00e1via Correa n\u00ba 227. Enquanto a obra n\u00e3o fica pronta, a escola realiza na quadra da Avenida Francisco Bicalho os seus ensaios e eventos.<\/p>\n<p>Em 2027, a Unidos da Tijuca apostar\u00e1 num enredo inspirado no livro \u201cA Cabe\u00e7a do Santo\u201d, da escritora cearense Socorro Acioli. O carnavalesco Lucas Milato prop\u00f5e uma nova narrativa para a saga do santo sem cabe\u00e7a. Publicada em 2014, a hist\u00f3ria \u00e9 baseada em fatos reais: a est\u00e1tua de Santo Ant\u00f4nio que ficou inacabada em Caridade, cidade do sert\u00e3o do Cear\u00e1. O fato logo despertou curiosidade dos moradores, que come\u00e7aram a compartilhar hip\u00f3teses e cren\u00e7as acerca da cabe\u00e7a que fincou morada nas ruas da cidade. A inusitada situa\u00e7\u00e3o se tornou um marco cultural e tur\u00edstico do local. Entre os romeiros incans\u00e1veis, preces e simpatias, trapalhadas e intercess\u00f5es, a Unidos da Tijuca viajar\u00e1 numa conta\u00e7\u00e3o popular, escutando as vozes de mulheres tomadas de paix\u00e3o, efervescendo nas celebra\u00e7\u00f5es juninas e rogando a Santo Ant\u00f4nio pelo milagre de carnaval: o casamento entre a Unidos da Tijuca e o povo da Marqu\u00eas de Sapuca\u00ed.<\/p>\n<figure class=\"wp-block-image size-large\"><img decoding=\"async\" src=\"https:\/\/roteiroscariocas.com.br\/wp-content\/uploads\/2026\/09\/unidos-da-tijuca-ganha-nova-casa-obras-da-quadra-na-gamboa-comecam-nesta-sexta-corpo1.jpg\" alt=\"Unidos da Tijuca ganha nova casa: obras da quadra na Gamboa come\u00e7am nesta sexta\"\/><\/figure>\n<figure class=\"wp-block-image size-large\"><img decoding=\"async\" src=\"https:\/\/roteiroscariocas.com.br\/wp-content\/uploads\/2026\/09\/unidos-da-tijuca-ganha-nova-casa-obras-da-quadra-na-gamboa-comecam-nesta-sexta-corpo2.jpg\" alt=\"Unidos da Tijuca ganha nova casa: obras da quadra na Gamboa come\u00e7am nesta sexta\"\/><\/figure>\n","protected":false},"excerpt":{"rendered":"<p>Prefeito Eduardo Cavaliere participa do pontap\u00e9 inicial do novo espa\u00e7o da azul e amarelo, vizinho \u00e0 Cidade do Samba<\/p>\n","protected":false},"author":1,"featured_media":23011,"comment_status":"","ping_status":"open","sticky":false,"template":"","format":"standard","meta":{"colormag_page_container_layout":"default_layout","colormag_page_sidebar_layout":"default_layout","ngg_post_thumbnail":0,"footnotes":""},"categories":[37,40],"tags":[],"class_list":["post-23018","post","type-post","status-publish","format-standard","has-post-thumbnail","hentry","category-especial","category-hot"],"_links":{"self":[{"href":"https:\/\/roteiroscariocas.com.br\/index.php\/wp-json\/wp\/v2\/posts\/23018","targetHints":{"allow":["GET"]}}],"collection":[{"href":"https:\/\/roteiroscariocas.com.br\/index.php\/wp-json\/wp\/v2\/posts"}],"about":[{"href":"https:\/\/roteiroscariocas.com.br\/index.php\/wp-json\/wp\/v2\/types\/post"}],"author":[{"embeddable":true,"href":"https:\/\/roteiroscariocas.com.br\/index.php\/wp-json\/wp\/v2\/users\/1"}],"replies":[{"embeddable":true,"href":"https:\/\/roteiroscariocas.com.br\/index.php\/wp-json\/wp\/v2\/comments?post=23018"}],"version-history":[{"count":0,"href":"https:\/\/roteiroscariocas.com.br\/index.php\/wp-json\/wp\/v2\/posts\/23018\/revisions"}],"wp:featuredmedia":[{"embeddable":true,"href":"https:\/\/roteiroscariocas.com.br\/index.php\/wp-json\/wp\/v2\/media\/23011"}],"wp:attachment":[{"href":"https:\/\/roteiroscariocas.com.br\/index.php\/wp-json\/wp\/v2\/media?parent=23018"}],"wp:term":[{"taxonomy":"category","embeddable":true,"href":"https:\/\/roteiroscariocas.com.br\/index.php\/wp-json\/wp\/v2\/categories?post=23018"},{"taxonomy":"post_tag","embeddable":true,"href":"https:\/\/roteiroscariocas.com.br\/index.php\/wp-json\/wp\/v2\/tags?post=23018"}],"curies":[{"name":"wp","href":"https:\/\/api.w.org\/{rel}","templated":true}]}}