{"id":23023,"date":"2026-09-04T12:05:09","date_gmt":"2026-09-04T15:05:09","guid":{"rendered":"https:\/\/roteiroscariocas.com.br\/index.php\/2026\/09\/04\/independentes-de-olaria-leva-os-cinemas-da-leopoldina-pro-desfile-de-2027\/"},"modified":"2026-09-04T12:05:09","modified_gmt":"2026-09-04T15:05:09","slug":"independentes-de-olaria-leva-os-cinemas-da-leopoldina-pro-desfile-de-2027","status":"publish","type":"post","link":"https:\/\/roteiroscariocas.com.br\/index.php\/2026\/09\/04\/independentes-de-olaria-leva-os-cinemas-da-leopoldina-pro-desfile-de-2027\/","title":{"rendered":"Independentes de Olaria leva os cinemas da Leopoldina pro desfile de 2027"},"content":{"rendered":"<p>A Independentes de Olaria prepara uma viagem pela mem\u00f3ria dos antigos cinemas de rua da Leopoldina com o enredo &#8220;Corta a fita, acende a marquise! O filme continua em Olaria&#8221;, que ser\u00e1 apresentado pela escola para o Carnaval 2027. O tema ser\u00e1 desenvolvido pelo carnavalesco Raphael Ladeira.<\/p>\n<p>A proposta \u00e9 revisitar uma \u00e9poca em que os cinemas eram muito mais do que espa\u00e7os destinados \u00e0 exibi\u00e7\u00e3o de filmes. As antigas salas funcionavam como verdadeiros pontos de encontro dos bairros, reunindo fam\u00edlias, amigos e diferentes gera\u00e7\u00f5es em torno da cultura, do lazer e da conviv\u00eancia.<\/p>\n<p>No centro dessa hist\u00f3ria est\u00e1 o Cine Theatro Oriente, em Olaria. O antigo cinema ganhou um novo significado ao se transformar na casa da Independentes de Olaria.<\/p>\n<p>Mais do que relembrar espa\u00e7os que desapareceram da paisagem da Leopoldina, a Independentes de Olaria pretende mostrar que a mem\u00f3ria permanece viva quando \u00e9 preservada e ressignificada pela comunidade. Nosso enredo \u00e9 uma homenagem aos cinemas de rua e \u00e0 cultura popular, reafirmando o Cine Oriente como um s\u00edmbolo de pertencimento e mostrando que, mesmo depois da \u00faltima sess\u00e3o, a hist\u00f3ria continua atrav\u00e9s do samba e do carnaval, revela o carnavalesco.<\/p>\n<p>O enredo recupera o papel que o cinema de rua exerceu na forma\u00e7\u00e3o cultural do sub\u00farbio carioca, lembrando as marquises iluminadas, as filas nas cal\u00e7adas e as hist\u00f3rias que nasceram nesses espa\u00e7os. A narrativa tamb\u00e9m passeia pela produ\u00e7\u00e3o cinematogr\u00e1fica e por artistas que marcaram o imagin\u00e1rio popular, como Oscarito, Grande Otelo, Ankito e Eliana.<\/p>\n<p>O lobo da Leopoldina ser\u00e1 a 7\u00aa escola a desfilar no dia 12 de fevereiro, sexta-feira, na Intendente Magalh\u00e3es.<\/p>\n","protected":false},"excerpt":{"rendered":"<p>Escola resgata mem\u00f3ria das antigas salas de rua em enredo que transforma o Cine Oriente em s\u00edmbolo de pertencimento<\/p>\n","protected":false},"author":1,"featured_media":23019,"comment_status":"","ping_status":"open","sticky":false,"template":"","format":"standard","meta":{"colormag_page_container_layout":"default_layout","colormag_page_sidebar_layout":"default_layout","ngg_post_thumbnail":0,"footnotes":""},"categories":[34],"tags":[],"class_list":["post-23023","post","type-post","status-publish","format-standard","has-post-thumbnail","hentry","category-noticias"],"_links":{"self":[{"href":"https:\/\/roteiroscariocas.com.br\/index.php\/wp-json\/wp\/v2\/posts\/23023","targetHints":{"allow":["GET"]}}],"collection":[{"href":"https:\/\/roteiroscariocas.com.br\/index.php\/wp-json\/wp\/v2\/posts"}],"about":[{"href":"https:\/\/roteiroscariocas.com.br\/index.php\/wp-json\/wp\/v2\/types\/post"}],"author":[{"embeddable":true,"href":"https:\/\/roteiroscariocas.com.br\/index.php\/wp-json\/wp\/v2\/users\/1"}],"replies":[{"embeddable":true,"href":"https:\/\/roteiroscariocas.com.br\/index.php\/wp-json\/wp\/v2\/comments?post=23023"}],"version-history":[{"count":0,"href":"https:\/\/roteiroscariocas.com.br\/index.php\/wp-json\/wp\/v2\/posts\/23023\/revisions"}],"wp:featuredmedia":[{"embeddable":true,"href":"https:\/\/roteiroscariocas.com.br\/index.php\/wp-json\/wp\/v2\/media\/23019"}],"wp:attachment":[{"href":"https:\/\/roteiroscariocas.com.br\/index.php\/wp-json\/wp\/v2\/media?parent=23023"}],"wp:term":[{"taxonomy":"category","embeddable":true,"href":"https:\/\/roteiroscariocas.com.br\/index.php\/wp-json\/wp\/v2\/categories?post=23023"},{"taxonomy":"post_tag","embeddable":true,"href":"https:\/\/roteiroscariocas.com.br\/index.php\/wp-json\/wp\/v2\/tags?post=23023"}],"curies":[{"name":"wp","href":"https:\/\/api.w.org\/{rel}","templated":true}]}}