{"id":23037,"date":"2026-09-04T10:01:25","date_gmt":"2026-09-04T13:01:25","guid":{"rendered":"https:\/\/roteiroscariocas.com.br\/index.php\/2026\/09\/04\/dudu-nobre-leva-roda-de-samba-pro-cacique-de-ramos-no-feriado\/"},"modified":"2026-09-04T10:01:25","modified_gmt":"2026-09-04T13:01:25","slug":"dudu-nobre-leva-roda-de-samba-pro-cacique-de-ramos-no-feriado","status":"publish","type":"post","link":"https:\/\/roteiroscariocas.com.br\/index.php\/2026\/09\/04\/dudu-nobre-leva-roda-de-samba-pro-cacique-de-ramos-no-feriado\/","title":{"rendered":"Dudu Nobre leva roda de samba pro Cacique de Ramos no feriado"},"content":{"rendered":"<p>O cantor, compositor e cavaquinista Dudu Nobre se apresenta no Cacique de Ramos, no Rio de Janeiro, no dia 7 de setembro de 2026, em uma grande roda de samba. O evento come\u00e7a \u00e0s 14h e promete uma tarde dedicada \u00e0 tradi\u00e7\u00e3o, \u00e0 energia e \u00e0 celebra\u00e7\u00e3o do samba.<\/p>\n<p>Para tornar o encontro ainda mais especial, Dudu Nobre recebe participa\u00e7\u00f5es de Mumuzinho, Sandra de S\u00e1, Noelson do Cavaco e Alex Ribeiro. Os convidados se juntam ao artista em um repert\u00f3rio que valoriza grandes sucessos do samba e da m\u00fasica popular brasileira, al\u00e9m de criar momentos \u00fanicos de encontro entre diferentes gera\u00e7\u00f5es e estilos.<\/p>\n<p>&#8220;Cantar no Cacique de Ramos \u00e9 uma alegria e uma responsabilidade enorme. Esse lugar tem uma hist\u00f3ria muito forte para o samba e para a nossa cultura. Quero viver essa tarde com o p\u00fablico, meus amigos e convidados especiais, celebrando a m\u00fasica, a amizade e a for\u00e7a da roda de samba&#8221;, afirma Dudu Nobre.<\/p>\n<p>Conhecido por sua trajet\u00f3ria de destaque no samba, Dudu Nobre leva ao palco sua experi\u00eancia como int\u00e9rprete, compositor e m\u00fasico, em uma apresenta\u00e7\u00e3o pensada para aproximar o p\u00fablico da ess\u00eancia do g\u00eanero. A presen\u00e7a dos convidados amplia a celebra\u00e7\u00e3o e refor\u00e7a o car\u00e1ter coletivo do evento.<\/p>\n<p>Clientes cadastrados na Bilheteria Digital t\u00eam direito \u00e0 meia-entrada. A apresenta\u00e7\u00e3o ser\u00e1 realizada no Cacique de Ramos, localizado na Rua Uranos, 1326, Rio de Janeiro.<\/p>\n<p><strong>Servi\u00e7o<\/strong><br \/>Evento: Dudu Nobre no Cacique de Ramos, Roda de samba<br \/>Data: 7 de setembro de 2026<br \/>Hor\u00e1rio: 14h<br \/>Local: Cacique de Ramos<br \/>Endere\u00e7o: Rua Uranos, 1326, Rio de Janeiro (RJ)<br \/>Participa\u00e7\u00f5es especiais: Mumuzinho, Sandra de S\u00e1, Noelson do Cavaco e Alex Ribeiro<br \/>Ingressos: meia-entrada para clientes cadastrados na Bilheteria Digital<\/p>\n<figure class=\"wp-block-image size-large\"><img decoding=\"async\" src=\"https:\/\/roteiroscariocas.com.br\/wp-content\/uploads\/2026\/09\/dudu-nobre-leva-roda-de-samba-pro-cacique-de-ramos-no-feriado-corpo1.jpg\" alt=\"Dudu Nobre leva roda de samba pro Cacique de Ramos no feriado\"\/><\/figure>\n<figure class=\"wp-block-image size-large\"><img decoding=\"async\" src=\"https:\/\/roteiroscariocas.com.br\/wp-content\/uploads\/2026\/09\/dudu-nobre-leva-roda-de-samba-pro-cacique-de-ramos-no-feriado-corpo2.jpg\" alt=\"Dudu Nobre leva roda de samba pro Cacique de Ramos no feriado\"\/><\/figure>\n<figure class=\"wp-block-image size-large\"><img decoding=\"async\" src=\"https:\/\/roteiroscariocas.com.br\/wp-content\/uploads\/2026\/09\/dudu-nobre-leva-roda-de-samba-pro-cacique-de-ramos-no-feriado-corpo3.jpg\" alt=\"Dudu Nobre leva roda de samba pro Cacique de Ramos no feriado\"\/><\/figure>\n<figure class=\"wp-block-image size-large\"><img decoding=\"async\" src=\"https:\/\/roteiroscariocas.com.br\/wp-content\/uploads\/2026\/09\/dudu-nobre-leva-roda-de-samba-pro-cacique-de-ramos-no-feriado-corpo4.jpg\" alt=\"Dudu Nobre leva roda de samba pro Cacique de Ramos no feriado\"\/><\/figure>\n<figure class=\"wp-block-image size-large\"><img decoding=\"async\" src=\"https:\/\/roteiroscariocas.com.br\/wp-content\/uploads\/2026\/09\/dudu-nobre-leva-roda-de-samba-pro-cacique-de-ramos-no-feriado-corpo5.jpg\" alt=\"Dudu Nobre leva roda de samba pro Cacique de Ramos no feriado\"\/><\/figure>\n","protected":false},"excerpt":{"rendered":"<p>7 de setembro com Mumuzinho, Sandra de S\u00e1 e convidados especiais<\/p>\n","protected":false},"author":1,"featured_media":23024,"comment_status":"","ping_status":"open","sticky":false,"template":"","format":"standard","meta":{"colormag_page_container_layout":"default_layout","colormag_page_sidebar_layout":"default_layout","ngg_post_thumbnail":0,"footnotes":""},"categories":[34],"tags":[],"class_list":["post-23037","post","type-post","status-publish","format-standard","has-post-thumbnail","hentry","category-noticias"],"_links":{"self":[{"href":"https:\/\/roteiroscariocas.com.br\/index.php\/wp-json\/wp\/v2\/posts\/23037","targetHints":{"allow":["GET"]}}],"collection":[{"href":"https:\/\/roteiroscariocas.com.br\/index.php\/wp-json\/wp\/v2\/posts"}],"about":[{"href":"https:\/\/roteiroscariocas.com.br\/index.php\/wp-json\/wp\/v2\/types\/post"}],"author":[{"embeddable":true,"href":"https:\/\/roteiroscariocas.com.br\/index.php\/wp-json\/wp\/v2\/users\/1"}],"replies":[{"embeddable":true,"href":"https:\/\/roteiroscariocas.com.br\/index.php\/wp-json\/wp\/v2\/comments?post=23037"}],"version-history":[{"count":0,"href":"https:\/\/roteiroscariocas.com.br\/index.php\/wp-json\/wp\/v2\/posts\/23037\/revisions"}],"wp:featuredmedia":[{"embeddable":true,"href":"https:\/\/roteiroscariocas.com.br\/index.php\/wp-json\/wp\/v2\/media\/23024"}],"wp:attachment":[{"href":"https:\/\/roteiroscariocas.com.br\/index.php\/wp-json\/wp\/v2\/media?parent=23037"}],"wp:term":[{"taxonomy":"category","embeddable":true,"href":"https:\/\/roteiroscariocas.com.br\/index.php\/wp-json\/wp\/v2\/categories?post=23037"},{"taxonomy":"post_tag","embeddable":true,"href":"https:\/\/roteiroscariocas.com.br\/index.php\/wp-json\/wp\/v2\/tags?post=23037"}],"curies":[{"name":"wp","href":"https:\/\/api.w.org\/{rel}","templated":true}]}}