{"id":23047,"date":"2026-09-04T09:42:25","date_gmt":"2026-09-04T12:42:25","guid":{"rendered":"https:\/\/roteiroscariocas.com.br\/index.php\/2026\/09\/04\/porto-da-pedra-escolhe-o-samba-do-tigre-em-semifinal-neste-sabado\/"},"modified":"2026-09-04T09:42:25","modified_gmt":"2026-09-04T12:42:25","slug":"porto-da-pedra-escolhe-o-samba-do-tigre-em-semifinal-neste-sabado","status":"publish","type":"post","link":"https:\/\/roteiroscariocas.com.br\/index.php\/2026\/09\/04\/porto-da-pedra-escolhe-o-samba-do-tigre-em-semifinal-neste-sabado\/","title":{"rendered":"Porto da Pedra escolhe o samba do Tigre em semifinal neste s\u00e1bado"},"content":{"rendered":"<p>O Porto da Pedra realiza, neste s\u00e1bado (5), a semifinal da disputa de sambas-enredo para o Carnaval 2027. A partir das 22h, as oito parcerias classificadas retornam \u00e0 quadra do Tigre, em S\u00e3o Gon\u00e7alo, para mais uma etapa da competi\u00e7\u00e3o.<\/p>\n<p>Al\u00e9m da disputa, o p\u00fablico poder\u00e1 acompanhar o show do elenco do Porto da Pedra, que prepara uma apresenta\u00e7\u00e3o especial para a noite.<\/p>\n<p>A entrada ser\u00e1 gratuita at\u00e9 0h, para quem quiser acompanhar de perto mais uma etapa da escolha do samba que ser\u00e1 levado \u00e0 Marqu\u00eas de Sapuca\u00ed no pr\u00f3ximo Carnaval.<\/p>\n<p>As oito parcerias classificadas se apresentam na seguinte ordem: Samba 11, Vaduka e Cia.; Samba 15, Maia e Cia.; Samba 23, Porkinho e Cia.; Samba 13, Bira e Cia.; Samba 29, Leon Azevedo e Cia.; Samba 03, Osvaldo Barba e Cia.; Samba 01, Cristiano Teles e Cia.; Samba 07, Vadinho e Cia.<\/p>\n<p>A semifinal ser\u00e1 mais um momento decisivo da competi\u00e7\u00e3o, que re\u00fane compositores em busca da obra que dar\u00e1 voz ao enredo &#8220;Porto Kalunga&#8221;, desenvolvido pelo Porto da Pedra para o Carnaval 2027.<\/p>\n<p>A grande final est\u00e1 marcada para o dia 12 de setembro, quando ser\u00e1 conhecido o samba que representar\u00e1 o Tigre na Avenida.<\/p>\n<p><strong>SERVI\u00c7O<\/strong><\/p>\n<p><strong>Semifinal da disputa de sambas-enredo do Porto da Pedra<\/strong><br \/><strong>Data:<\/strong> 5 de setembro, s\u00e1bado<br \/><strong>Hor\u00e1rio:<\/strong> a partir das 22h<br \/><strong>Local:<\/strong> quadra do Porto da Pedra, em S\u00e3o Gon\u00e7alo<br \/><strong>Entrada:<\/strong> gratuita at\u00e9 0h<\/p>\n<figure class=\"wp-block-image size-large\"><img decoding=\"async\" src=\"https:\/\/roteiroscariocas.com.br\/wp-content\/uploads\/2026\/09\/porto-da-pedra-escolhe-o-samba-do-tigre-em-semifinal-neste-sabado-corpo1.jpg\" alt=\"Porto da Pedra escolhe o samba do Tigre em semifinal neste s\u00e1bado\"\/><\/figure>\n<figure class=\"wp-block-image size-large\"><img decoding=\"async\" src=\"https:\/\/roteiroscariocas.com.br\/wp-content\/uploads\/2026\/09\/porto-da-pedra-escolhe-o-samba-do-tigre-em-semifinal-neste-sabado-corpo2.jpg\" alt=\"Porto da Pedra escolhe o samba do Tigre em semifinal neste s\u00e1bado\"\/><\/figure>\n<figure class=\"wp-block-image size-large\"><img decoding=\"async\" src=\"https:\/\/roteiroscariocas.com.br\/wp-content\/uploads\/2026\/09\/porto-da-pedra-escolhe-o-samba-do-tigre-em-semifinal-neste-sabado-corpo3.jpg\" alt=\"Porto da Pedra escolhe o samba do Tigre em semifinal neste s\u00e1bado\"\/><\/figure>\n","protected":false},"excerpt":{"rendered":"<p>Oito parcerias disputam a vaga na final que vai embalar o desfile de 2027<\/p>\n","protected":false},"author":1,"featured_media":23038,"comment_status":"","ping_status":"open","sticky":false,"template":"","format":"standard","meta":{"colormag_page_container_layout":"default_layout","colormag_page_sidebar_layout":"default_layout","ngg_post_thumbnail":0,"footnotes":""},"categories":[38],"tags":[],"class_list":["post-23047","post","type-post","status-publish","format-standard","has-post-thumbnail","hentry","category-ouro"],"_links":{"self":[{"href":"https:\/\/roteiroscariocas.com.br\/index.php\/wp-json\/wp\/v2\/posts\/23047","targetHints":{"allow":["GET"]}}],"collection":[{"href":"https:\/\/roteiroscariocas.com.br\/index.php\/wp-json\/wp\/v2\/posts"}],"about":[{"href":"https:\/\/roteiroscariocas.com.br\/index.php\/wp-json\/wp\/v2\/types\/post"}],"author":[{"embeddable":true,"href":"https:\/\/roteiroscariocas.com.br\/index.php\/wp-json\/wp\/v2\/users\/1"}],"replies":[{"embeddable":true,"href":"https:\/\/roteiroscariocas.com.br\/index.php\/wp-json\/wp\/v2\/comments?post=23047"}],"version-history":[{"count":0,"href":"https:\/\/roteiroscariocas.com.br\/index.php\/wp-json\/wp\/v2\/posts\/23047\/revisions"}],"wp:featuredmedia":[{"embeddable":true,"href":"https:\/\/roteiroscariocas.com.br\/index.php\/wp-json\/wp\/v2\/media\/23038"}],"wp:attachment":[{"href":"https:\/\/roteiroscariocas.com.br\/index.php\/wp-json\/wp\/v2\/media?parent=23047"}],"wp:term":[{"taxonomy":"category","embeddable":true,"href":"https:\/\/roteiroscariocas.com.br\/index.php\/wp-json\/wp\/v2\/categories?post=23047"},{"taxonomy":"post_tag","embeddable":true,"href":"https:\/\/roteiroscariocas.com.br\/index.php\/wp-json\/wp\/v2\/tags?post=23047"}],"curies":[{"name":"wp","href":"https:\/\/api.w.org\/{rel}","templated":true}]}}