{"id":23059,"date":"2026-09-03T20:06:46","date_gmt":"2026-09-03T23:06:46","guid":{"rendered":"https:\/\/roteiroscariocas.com.br\/index.php\/2026\/09\/03\/alice-alves-e-madrinha-de-bateria-da-nova-geracao-do-estacio-e-a-semente-que-cui\/"},"modified":"2026-09-03T20:06:46","modified_gmt":"2026-09-03T23:06:46","slug":"alice-alves-e-madrinha-de-bateria-da-nova-geracao-do-estacio-e-a-semente-que-cui","status":"publish","type":"post","link":"https:\/\/roteiroscariocas.com.br\/index.php\/2026\/09\/03\/alice-alves-e-madrinha-de-bateria-da-nova-geracao-do-estacio-e-a-semente-que-cui\/","title":{"rendered":"Alice Alves \u00e9 madrinha de bateria da Nova Gera\u00e7\u00e3o do Est\u00e1cio: &#8216;\u00c9 a semente que cuidamos&#8217;"},"content":{"rendered":"<p>Alice Alves vai ganhar um novo posto dentro da Est\u00e1cio de S\u00e1. Depois de ser rainha da escola no \u00faltimo Carnaval e assumir, neste ano, o posto de rainha de bateria, ela ser\u00e1 anunciada como madrinha de bateria da Nova Gera\u00e7\u00e3o do Est\u00e1cio de S\u00e1, escola de samba mirim da agremia\u00e7\u00e3o.<\/p>\n<p>O convite, segundo Alice, aconteceu de maneira pouco convencional. Alice estava no intervalo de uma grava\u00e7\u00e3o e levou sua equipe para almo\u00e7ar. No meio do encontro, que acabou virando uma comemora\u00e7\u00e3o de anivers\u00e1rio, o mestre de bateria da Nova Gera\u00e7\u00e3o pediu licen\u00e7a ao mestre Chuvisco, da Est\u00e1cio, para fazer o convite. &#8220;Foi tudo muito espont\u00e2neo. Recebi com muito carinho e muito respeito, porque entendo a responsabilidade que existe por tr\u00e1s desse convite&#8221;, relembra.<\/p>\n<p>Para ela, o novo posto representa mais do que estar \u00e0 frente de uma bateria. \u00c9 tamb\u00e9m uma oportunidade de contribuir para a forma\u00e7\u00e3o de quem ainda est\u00e1 come\u00e7ando a descobrir o samba. &#8220;Eu acho que mais do que dar suporte \u00e9 voc\u00ea dar a sua presen\u00e7a, o seu carinho e a sua responsabilidade para essa nova gera\u00e7\u00e3o. Hoje temos crian\u00e7as que amanh\u00e3 ser\u00e3o mestres de bateria, porta-bandeiras, passistas, rainhas, presidentes. Elas s\u00e3o o futuro da escola&#8221;, afirma.<\/p>\n<p>Para Alice, as escolas de samba mirins cumprem justamente esse papel de aproximar crian\u00e7as e adolescentes da cultura do Carnaval e transmitir conhecimentos que passam de uma gera\u00e7\u00e3o para outra. Na bateria, na dan\u00e7a, no canto ou nos bastidores de um desfile, os pequenos t\u00eam contato n\u00e3o apenas com o samba, mas tamb\u00e9m com a hist\u00f3ria e a identidade de suas comunidades.<\/p>\n<p>Do Carnaval de rua ao comando da bateria<\/p>\n<p>E esse olhar para quem est\u00e1 come\u00e7ando, conversa diretamente com a pr\u00f3pria hist\u00f3ria da beldade, que come\u00e7ou a se envolver com o carnaval ainda na inf\u00e2ncia. Os irm\u00e3os costumavam lev\u00e1-la para blocos e manifesta\u00e7\u00f5es carnavalescas pelas ruas, e ela cresceu tendo contato com esse universo, embora a fam\u00edlia n\u00e3o tivesse uma liga\u00e7\u00e3o direta com escolas de samba. &#8220;Minha fam\u00edlia nunca foi de escola de samba. Eu tinha contato com o Carnaval, mas n\u00e3o com o desfile de escola. Quando crian\u00e7a, assistia pela televis\u00e3o e vivenciava o Carnaval na rua, em Madureira, nos blocos&#8221;, lembra.<\/p>\n<p>O contato mais pr\u00f3ximo com uma escola veio anos depois, quando o seu ent\u00e3o namorado (hoje marido), a levou \u00e0 Portela. Mas uma lembran\u00e7a ainda mais antiga ajuda a explicar de onde pode ter vindo o gosto pelo ritmo: O pai de Alice gostava de participar de leil\u00f5es e costumava comprar lotes que, entre outras coisas, tinham instrumentos musicais. Em casa, os objetos acabavam virando brinquedo para a crian\u00e7ada da rua. &#8220;Ele colocava tudo na rua e as crian\u00e7as pegavam. Cada um tocava uma coisa do jeito que achava que era certo e aquela bagun\u00e7a acontecia&#8221;, conta, rindo.<\/p>\n<p>A brincadeira acabou despertando o interesse pela percuss\u00e3o. Na escola, Alice entrou para uma banda e come\u00e7ou a tocar tarol. Anos depois, a menina que brincava de fazer m\u00fasica na rua se tornou decacampe\u00e3 de karat\u00ea, piloto de automobilismo, m\u00e9dica-veterin\u00e1ria e empres\u00e1ria do ramo da constru\u00e7\u00e3o civil. No Carnaval, construiu uma trajet\u00f3ria de d\u00e9cadas e, hoje, ocupa um dos postos de maior destaque da Est\u00e1cio.<\/p>\n<p>Agora, ao lado das crian\u00e7as da Nova Gera\u00e7\u00e3o, ela enxerga uma possibilidade de devolver ao samba um pouco do que recebeu. &#8220;Eu acho muito bonito poder ajudar a consolidar essas ra\u00edzes. A gente precisa olhar para essas crian\u00e7as porque s\u00e3o elas que v\u00e3o manter essa hist\u00f3ria viva. Hoje somos n\u00f3s que estamos aqui, mas amanh\u00e3 ser\u00e3o elas.&#8221;<\/p>\n<p>Uma rela\u00e7\u00e3o que foi al\u00e9m da avenida<\/p>\n<p>A chegada de Alice \u00e0 Est\u00e1cio tamb\u00e9m foi marcada por uma participa\u00e7\u00e3o que ultrapassou os dias de desfile. Desde que assumiu a escola, ela vem se aproximando da comunidade e contribuindo diretamente com a agremia\u00e7\u00e3o. Antes mesmo do convite para ser madrinha de bateria da Nova Gera\u00e7\u00e3o, ela j\u00e1 custeou as fantasias completas de cerca de 50 crian\u00e7as da Nova Gera\u00e7\u00e3o do Est\u00e1cio de S\u00e1 para o pr\u00f3ximo Carnaval.<\/p>\n<p>Empres\u00e1ria do setor da constru\u00e7\u00e3o civil tamb\u00e9m fez a reforma da quadra da Est\u00e1cio, al\u00e9m de ter subido o Morro de S\u00e3o Carlos para distribuir camisas e bandeiras e incentivar a comunidade a voltar a ocupar os espa\u00e7os da escola e acompanhar de perto a prepara\u00e7\u00e3o para o Carnaval. &#8220;Eu n\u00e3o quero estar na Est\u00e1cio apenas para desfilar. Quero conhecer a comunidade, participar e deixar o meu legado&#8221;, conclui.<\/p>\n<figure class=\"wp-block-image size-large\"><img decoding=\"async\" src=\"https:\/\/roteiroscariocas.com.br\/wp-content\/uploads\/2026\/09\/alice-alves-e-madrinha-de-bateria-da-nova-geracao-do-estacio-e-a-semente-que-cui-corpo1.jpg\" alt=\"Alice Alves \u00e9 madrinha de bateria da Nova Gera\u00e7\u00e3o do Est\u00e1cio: &#x27;\u00c9 a semente que cuidamos&#x27;\"\/><\/figure>\n<figure class=\"wp-block-image size-large\"><img decoding=\"async\" src=\"https:\/\/roteiroscariocas.com.br\/wp-content\/uploads\/2026\/09\/alice-alves-e-madrinha-de-bateria-da-nova-geracao-do-estacio-e-a-semente-que-cui-corpo2.jpg\" alt=\"Alice Alves \u00e9 madrinha de bateria da Nova Gera\u00e7\u00e3o do Est\u00e1cio: &#x27;\u00c9 a semente que cuidamos&#x27;\"\/><\/figure>\n<figure class=\"wp-block-image size-large\"><img decoding=\"async\" src=\"https:\/\/roteiroscariocas.com.br\/wp-content\/uploads\/2026\/09\/alice-alves-e-madrinha-de-bateria-da-nova-geracao-do-estacio-e-a-semente-que-cui-corpo3.jpg\" alt=\"Alice Alves \u00e9 madrinha de bateria da Nova Gera\u00e7\u00e3o do Est\u00e1cio: &#x27;\u00c9 a semente que cuidamos&#x27;\"\/><\/figure>\n<figure class=\"wp-block-image size-large\"><img decoding=\"async\" src=\"https:\/\/roteiroscariocas.com.br\/wp-content\/uploads\/2026\/09\/alice-alves-e-madrinha-de-bateria-da-nova-geracao-do-estacio-e-a-semente-que-cui-corpo4.jpg\" alt=\"Alice Alves \u00e9 madrinha de bateria da Nova Gera\u00e7\u00e3o do Est\u00e1cio: &#x27;\u00c9 a semente que cuidamos&#x27;\"\/><\/figure>\n","protected":false},"excerpt":{"rendered":"<p>Rainha de bateria da escola assume novo posto na agremia\u00e7\u00e3o mirim e reflete sobre legado no samba<\/p>\n","protected":false},"author":1,"featured_media":23048,"comment_status":"","ping_status":"open","sticky":false,"template":"","format":"standard","meta":{"colormag_page_container_layout":"default_layout","colormag_page_sidebar_layout":"default_layout","ngg_post_thumbnail":0,"footnotes":""},"categories":[38],"tags":[],"class_list":["post-23059","post","type-post","status-publish","format-standard","has-post-thumbnail","hentry","category-ouro"],"_links":{"self":[{"href":"https:\/\/roteiroscariocas.com.br\/index.php\/wp-json\/wp\/v2\/posts\/23059","targetHints":{"allow":["GET"]}}],"collection":[{"href":"https:\/\/roteiroscariocas.com.br\/index.php\/wp-json\/wp\/v2\/posts"}],"about":[{"href":"https:\/\/roteiroscariocas.com.br\/index.php\/wp-json\/wp\/v2\/types\/post"}],"author":[{"embeddable":true,"href":"https:\/\/roteiroscariocas.com.br\/index.php\/wp-json\/wp\/v2\/users\/1"}],"replies":[{"embeddable":true,"href":"https:\/\/roteiroscariocas.com.br\/index.php\/wp-json\/wp\/v2\/comments?post=23059"}],"version-history":[{"count":0,"href":"https:\/\/roteiroscariocas.com.br\/index.php\/wp-json\/wp\/v2\/posts\/23059\/revisions"}],"wp:featuredmedia":[{"embeddable":true,"href":"https:\/\/roteiroscariocas.com.br\/index.php\/wp-json\/wp\/v2\/media\/23048"}],"wp:attachment":[{"href":"https:\/\/roteiroscariocas.com.br\/index.php\/wp-json\/wp\/v2\/media?parent=23059"}],"wp:term":[{"taxonomy":"category","embeddable":true,"href":"https:\/\/roteiroscariocas.com.br\/index.php\/wp-json\/wp\/v2\/categories?post=23059"},{"taxonomy":"post_tag","embeddable":true,"href":"https:\/\/roteiroscariocas.com.br\/index.php\/wp-json\/wp\/v2\/tags?post=23059"}],"curies":[{"name":"wp","href":"https:\/\/api.w.org\/{rel}","templated":true}]}}