{"id":6615,"date":"2025-02-02T15:08:53","date_gmt":"2025-02-02T18:08:53","guid":{"rendered":"https:\/\/roteiroscariocas.com.br\/?p=6615"},"modified":"2025-02-07T15:55:05","modified_gmt":"2025-02-07T18:55:05","slug":"com-muito-axe-cha-da-alice-agita-segundo-dia-do-circuito-de-megablocos-do-carnaval-de-rua-2025","status":"publish","type":"post","link":"https:\/\/roteiroscariocas.com.br\/index.php\/2025\/02\/02\/com-muito-axe-cha-da-alice-agita-segundo-dia-do-circuito-de-megablocos-do-carnaval-de-rua-2025\/","title":{"rendered":"Com muito ax\u00e9, Ch\u00e1 da Alice agita segundo dia do circuito de megablocos do Carnaval de Rua 2025"},"content":{"rendered":"\n<p>Um dos ritmos mais populares da Bahia, o ax\u00e9 tomou conta do desfile do Ch\u00e1 da Alice, realizado na Rua Primeiro de Mar\u00e7o, na manh\u00e3 deste domingo (2\/02), pelo circuito de megablocos do Carnaval de Rua do Rio. Comandado por Mari Antunes, da banda Babado Novo, e tendo participa\u00e7\u00f5es de \u00c9 o Tchan e Sambay, o cortejo atraiu cerca de 40 mil pessoas que brincaram ao som de sucessos do ritmo soteropolitano, como \u201cBola de Sab\u00e3o\u201d e &#8220;De Janeiro a Janeiro&#8221;.&nbsp;&nbsp;<\/p>\n\n\n\n<p>Neste ano, o Ch\u00e1 da Alice celebrou os 40 anos do Ax\u00e9, com direito a fantasias referenciadas no universo fant\u00e1stico de \u201cAlice no Pa\u00eds das Maravilhas\u201d, que \u00e9 a inspira\u00e7\u00e3o do bloco, nascido de uma festa criada em 2009.&nbsp;<\/p>\n\n\n\n<p>&#8220;\u00c9 um presente estar aqui no carnaval do Rio, sempre fomos muito bem recebidos. Principalmente esse ano, trazer para c\u00e1 o Ax\u00e9, que \u00e9 da nossa Bahia, da nossa cultura, da nossa raiz. \u00c9 um ano memor\u00e1vel, afinal de contas, s\u00e3o 40 anos de um movimento e de uma hist\u00f3ria t\u00e3o importante. Ent\u00e3o vou espalhar um dend\u00ea gostoso, trouxe um caldinho de sururu para distribuir na avenida&#8221;, afirmou a cantora.&nbsp;<\/p>\n\n\n\n<p>Representante do \u00c9 o Tchan na festa, Compadre Washington cantou \u201cNa Boquinha da Garrafa\u201d e muitos outros hits do grupo. O m\u00fasico, embora j\u00e1 tenha feito outras apresenta\u00e7\u00f5es no carnaval, comenta sua primeira experi\u00eancia em cima de um trio el\u00e9trico no Carnaval do Rio.&nbsp;&nbsp;<\/p>\n\n\n\n<p>&#8220;\u00c9 muito gratificante saber que o pessoal do Rio e do Brasil abra\u00e7a o ax\u00e9, que est\u00e1 fazendo 40 anos. \u00c9 muito bom fazer parte dessa festa com o \u00c9 o Tchan&#8221;, afirmou.<\/p>\n\n\n\n<p>O grupo Sambay, primeira roda de samba LGBTQIAPN+ do Brasil, e Romero Ferro deram uma pitada especial de samba e pagode \u00e0 folia. Os sucessos \u201cEva\u201d, da Banda Eva, e \u201cMacetando\u201d, de Ivete Sangalo, tamb\u00e9m fizeram parte da festa comandada pelo Babado Novo pela segunda vez.&nbsp;<\/p>\n\n\n\n<p>O carnaval de rua da cidade ainda se estende para a parte da tarde deste domingo. O Bloco Ok\u00ea, primeiro bloco de karaok\u00ea do Brasil, promete movimentar o Flamengo a partir das 14h. Na Zona Norte do Rio, \u00e0s 16h, \u00e9 a vez do Bloco Carnavalesco Xod\u00f3 da Piedade, que finaliza o dia.&nbsp;<\/p>\n\n\n\n<p>Os blocos do circuito s\u00e3o chamados de \u201cmega\u201d por habitualmente reunirem dezenas de milhares de pessoas nos desfiles de pr\u00e9-carnaval e carnaval, todos com desfiles na Rua Primeiro de Mar\u00e7o.<\/p>\n\n\n\n<p>A Riotur divulgou o plano operacional para o Carnaval de Rua 2025 abrangendo 37 dias de folia e com a expectativa de reunir cerca de seis milh\u00f5es de pessoas por toda a cidade. Est\u00e3o previstos 482 desfiles, com 685 blocos inscritos para as apresenta\u00e7\u00f5es espalhadas por diversas regi\u00f5es do Rio. O Centro ser\u00e1 palco de 128 desfiles, mas a folia tamb\u00e9m estar\u00e1 garantida nas zonas Norte, Sul e Oeste, al\u00e9m de Grande Tijuca, Ilhas e Jacarepagu\u00e1.<\/p>\n\n\n\n<p>Centenas de blocos v\u00e3o atrair foli\u00f5es at\u00e9 o dia 9 de mar\u00e7o. A lista completa com todas as atra\u00e7\u00f5es do Carnaval de Rua deste ano est\u00e1 no aplicativo Blocos do Rio 2025, dispon\u00edvel em todas as plataformas digitais. A ferramenta, gratuita, funciona por geolocaliza\u00e7\u00e3o e oferece informa\u00e7\u00f5es como data, hor\u00e1rio e percurso. Para encontrar o cortejo favorito, o foli\u00e3o tamb\u00e9m pode visitar o site oficial e conferir o calend\u00e1rio dos desfiles, not\u00edcias sobre os blocos e mais informa\u00e7\u00f5es sobre o Carnaval de Rua Rio 2025.<\/p>\n\n\n\n<figure class=\"wp-block-gallery has-nested-images columns-default is-cropped wp-block-gallery-1 is-layout-flex wp-block-gallery-is-layout-flex\">\n<figure class=\"wp-block-image size-large\"><img loading=\"lazy\" decoding=\"async\" width=\"682\" height=\"1024\" data-id=\"6617\" src=\"https:\/\/roteiroscariocas.com.br\/wp-content\/uploads\/2025\/02\/Cha-da-Alice-Foto-Fred-Pontes-Riotur-1-682x1024.jpeg\" alt=\"\" class=\"wp-image-6617\" srcset=\"https:\/\/roteiroscariocas.com.br\/wp-content\/uploads\/2025\/02\/Cha-da-Alice-Foto-Fred-Pontes-Riotur-1-682x1024.jpeg 682w, https:\/\/roteiroscariocas.com.br\/wp-content\/uploads\/2025\/02\/Cha-da-Alice-Foto-Fred-Pontes-Riotur-1-200x300.jpeg 200w, https:\/\/roteiroscariocas.com.br\/wp-content\/uploads\/2025\/02\/Cha-da-Alice-Foto-Fred-Pontes-Riotur-1.jpeg 719w\" sizes=\"auto, (max-width: 682px) 100vw, 682px\" \/><\/figure>\n\n\n\n<figure class=\"wp-block-image size-large\"><img loading=\"lazy\" decoding=\"async\" width=\"1024\" height=\"683\" data-id=\"6619\" src=\"https:\/\/roteiroscariocas.com.br\/wp-content\/uploads\/2025\/02\/Cha-da-Alice-Foto-Fred-Pontes-Riotur-1024x683.jpg\" alt=\"\" class=\"wp-image-6619\" srcset=\"https:\/\/roteiroscariocas.com.br\/wp-content\/uploads\/2025\/02\/Cha-da-Alice-Foto-Fred-Pontes-Riotur-1024x683.jpg 1024w, https:\/\/roteiroscariocas.com.br\/wp-content\/uploads\/2025\/02\/Cha-da-Alice-Foto-Fred-Pontes-Riotur-300x200.jpg 300w, https:\/\/roteiroscariocas.com.br\/wp-content\/uploads\/2025\/02\/Cha-da-Alice-Foto-Fred-Pontes-Riotur-768x512.jpg 768w, https:\/\/roteiroscariocas.com.br\/wp-content\/uploads\/2025\/02\/Cha-da-Alice-Foto-Fred-Pontes-Riotur-1536x1024.jpg 1536w, https:\/\/roteiroscariocas.com.br\/wp-content\/uploads\/2025\/02\/Cha-da-Alice-Foto-Fred-Pontes-Riotur.jpg 1620w\" sizes=\"auto, (max-width: 1024px) 100vw, 1024px\" \/><\/figure>\n\n\n\n<figure class=\"wp-block-image size-large\"><img loading=\"lazy\" decoding=\"async\" width=\"1024\" height=\"681\" data-id=\"6618\" src=\"https:\/\/roteiroscariocas.com.br\/wp-content\/uploads\/2025\/02\/Cha-da-Alice-Foto-Fred-Pontes-Riotur-2-1024x681.jpeg\" alt=\"\" class=\"wp-image-6618\" srcset=\"https:\/\/roteiroscariocas.com.br\/wp-content\/uploads\/2025\/02\/Cha-da-Alice-Foto-Fred-Pontes-Riotur-2-1024x681.jpeg 1024w, https:\/\/roteiroscariocas.com.br\/wp-content\/uploads\/2025\/02\/Cha-da-Alice-Foto-Fred-Pontes-Riotur-2-300x200.jpeg 300w, https:\/\/roteiroscariocas.com.br\/wp-content\/uploads\/2025\/02\/Cha-da-Alice-Foto-Fred-Pontes-Riotur-2-768x511.jpeg 768w, https:\/\/roteiroscariocas.com.br\/wp-content\/uploads\/2025\/02\/Cha-da-Alice-Foto-Fred-Pontes-Riotur-2-1536x1022.jpeg 1536w, https:\/\/roteiroscariocas.com.br\/wp-content\/uploads\/2025\/02\/Cha-da-Alice-Foto-Fred-Pontes-Riotur-2.jpeg 1623w\" sizes=\"auto, (max-width: 1024px) 100vw, 1024px\" \/><\/figure>\n<\/figure>\n","protected":false},"excerpt":{"rendered":"<p>Um dos ritmos mais populares da Bahia, o ax\u00e9 tomou conta do desfile do Ch\u00e1 da Alice, realizado na Rua<\/p>\n","protected":false},"author":1,"featured_media":6616,"comment_status":"closed","ping_status":"open","sticky":false,"template":"","format":"standard","meta":{"colormag_page_container_layout":"default_layout","colormag_page_sidebar_layout":"default_layout","ngg_post_thumbnail":0,"footnotes":""},"categories":[33,40,34],"tags":[],"class_list":["post-6615","post","type-post","status-publish","format-standard","has-post-thumbnail","hentry","category-carnaval","category-hot","category-noticias"],"_links":{"self":[{"href":"https:\/\/roteiroscariocas.com.br\/index.php\/wp-json\/wp\/v2\/posts\/6615","targetHints":{"allow":["GET"]}}],"collection":[{"href":"https:\/\/roteiroscariocas.com.br\/index.php\/wp-json\/wp\/v2\/posts"}],"about":[{"href":"https:\/\/roteiroscariocas.com.br\/index.php\/wp-json\/wp\/v2\/types\/post"}],"author":[{"embeddable":true,"href":"https:\/\/roteiroscariocas.com.br\/index.php\/wp-json\/wp\/v2\/users\/1"}],"replies":[{"embeddable":true,"href":"https:\/\/roteiroscariocas.com.br\/index.php\/wp-json\/wp\/v2\/comments?post=6615"}],"version-history":[{"count":1,"href":"https:\/\/roteiroscariocas.com.br\/index.php\/wp-json\/wp\/v2\/posts\/6615\/revisions"}],"predecessor-version":[{"id":6620,"href":"https:\/\/roteiroscariocas.com.br\/index.php\/wp-json\/wp\/v2\/posts\/6615\/revisions\/6620"}],"wp:featuredmedia":[{"embeddable":true,"href":"https:\/\/roteiroscariocas.com.br\/index.php\/wp-json\/wp\/v2\/media\/6616"}],"wp:attachment":[{"href":"https:\/\/roteiroscariocas.com.br\/index.php\/wp-json\/wp\/v2\/media?parent=6615"}],"wp:term":[{"taxonomy":"category","embeddable":true,"href":"https:\/\/roteiroscariocas.com.br\/index.php\/wp-json\/wp\/v2\/categories?post=6615"},{"taxonomy":"post_tag","embeddable":true,"href":"https:\/\/roteiroscariocas.com.br\/index.php\/wp-json\/wp\/v2\/tags?post=6615"}],"curies":[{"name":"wp","href":"https:\/\/api.w.org\/{rel}","templated":true}]}}