{"id":9108,"date":"2025-09-09T13:34:05","date_gmt":"2025-09-09T16:34:05","guid":{"rendered":"https:\/\/roteiroscariocas.com.br\/?p=9108"},"modified":"2025-10-06T13:51:19","modified_gmt":"2025-10-06T16:51:19","slug":"festival-classicos-do-brasil-2025-agita-a-marina-da-gloria-com-repertorios-historicos-e-shows-lendarios","status":"publish","type":"post","link":"https:\/\/roteiroscariocas.com.br\/index.php\/2025\/09\/09\/festival-classicos-do-brasil-2025-agita-a-marina-da-gloria-com-repertorios-historicos-e-shows-lendarios\/","title":{"rendered":"Festival Cl\u00e1ssicos do Brasil 2025 agita a Marina da Gl\u00f3ria com repert\u00f3rios hist\u00f3ricos e shows lend\u00e1rios"},"content":{"rendered":"\n<p>De <strong>10 a 19 de outubro de 2025<\/strong>, a Marina da Gl\u00f3ria, no Rio de Janeiro, ser\u00e1 palco do <strong>Festival Cl\u00e1ssicos do Brasil<\/strong>, que retorna para celebrar \u00e1lbuns que marcaram gera\u00e7\u00f5es e repert\u00f3rios que jamais saem do imagin\u00e1rio nacional. A proposta \u00e9 reviver obras-primas por meio de homenagens musicais e shows conceituais.<\/p>\n\n\n\n<h3 class=\"wp-block-heading\">Programa\u00e7\u00e3o e destaques por dia<\/h3>\n\n\n\n<p>Alguns dos momentos j\u00e1 confirmados incluem:<\/p>\n\n\n\n<ul class=\"wp-block-list\">\n<li><strong>\u201cDa Lama ao Caos\u201d<\/strong> interpretado pela Na\u00e7\u00e3o Zumbi, revisitando seu \u00e1lbum emblem\u00e1tico.<\/li>\n\n\n\n<li><strong>\u201cOlho de Peixe\u201d<\/strong>, na parceria entre Lenine e Marcos Suzano, com foco percussivo e experimental.<\/li>\n\n\n\n<li>\u201cA T\u00e1bua de Esmeralda\u201d, interpretado por Los Sebosos Postizos como tributo a Jorge Ben Jor.<\/li>\n\n\n\n<li>Uma noite orquestral: a Orquestra Petrobras Sinf\u00f4nica tocando <strong>\u201cVentura\u201d<\/strong>, de Los Hermanos.<\/li>\n\n\n\n<li><strong>\u201cO Grande Encontro\u201d<\/strong>, com Elba Ramalho, Alceu Valen\u00e7a e Geraldo Azevedo reunindo vozes e gera\u00e7\u00f5es.<\/li>\n\n\n\n<li><strong>\u201c\u00c0 Procura da Batida Perfeita\u201d<\/strong>, de Marcelo D2, revisitado com arranjos contempor\u00e2neos.<\/li>\n\n\n\n<li>Outros shows especiais: Cidade Negra (\u201cSobre Todas as For\u00e7as\u201d), Xande de Pilares homenageando Caetano Veloso, noites dedicadas a registros ac\u00fasticos como Capital Inicial, IRA! e Engenheiros do Hava\u00ed, al\u00e9m de uma noite focada no reggae com Edson Gomes, Armandinho, Ponto de Equil\u00edbrio e Maneva.<\/li>\n\n\n\n<li>No \u00faltimo dia, uma edi\u00e7\u00e3o que promete mesclar tributos a discos c\u00e9lebres e grandes can\u00e7\u00f5es da hist\u00f3ria nacional.<\/li>\n<\/ul>\n\n\n\n<p>Os port\u00f5es da festa abrem \u00e0s 17h nas sextas-feiras e \u00e0s 15h nos finais de semana, com shows programados para in\u00edcio da noite. A estrutura conta com dois palcos, \u00e1reas de conviv\u00eancia, privil\u00e9gios para lounge e ambiente gastron\u00f4mico com curadoria local.<\/p>\n\n\n\n<h3 class=\"wp-block-heading\">Ingressos, estrutura e ambienta\u00e7\u00e3o<\/h3>\n\n\n\n<p>Os ingressos foram comercializados em v\u00e1rios lotes, com categorias que v\u00e3o desde pista at\u00e9 lounge \u2014 inclusive vers\u00f5es sociais com pre\u00e7os acess\u00edveis. A ambienta\u00e7\u00e3o do evento busca dialogar visualmente com capas de \u00e1lbuns e elementos nost\u00e1lgicos da m\u00fasica brasileira. A log\u00edstica prev\u00ea estacionamento, acessos, infraestrutura t\u00e9cnica de som e luz, al\u00e9m de servi\u00e7os de alimenta\u00e7\u00e3o.<\/p>\n\n\n\n<h3 class=\"wp-block-heading\">Motivos para n\u00e3o perder<\/h3>\n\n\n\n<ul class=\"wp-block-list\">\n<li>Reencontro com discos que formaram nossa cultura musical.<\/li>\n\n\n\n<li>Shows conceituais que valorizam a obra original, com interpreta\u00e7\u00f5es cuidadosas.<\/li>\n\n\n\n<li>Experi\u00eancia visual e est\u00e9tica alinhada ao repert\u00f3rio \u2014 cenografia pensada para transportar o p\u00fablico.<\/li>\n\n\n\n<li>Encontro de gera\u00e7\u00f5es: quem ouviu nas antigas e quem descobre agora, unidos pelo mesmo som.<\/li>\n\n\n\n<li>Possibilidade de revisitar trilhas sonoras afetivas com energia de show ao vivo.<\/li>\n<\/ul>\n\n\n\n<p><strong>Sobre a PECK<\/strong><\/p>\n\n\n\n<p>A excel\u00eancia dos eventos da PECK, produtora carioca que chega aos 25 anos em 2025, &nbsp;tornou a empresa fundada por P\u00e9ricles Mecenas uma das mais queridas pelas grandes marcas que investem e incentivam a Cultura no Brasil. O Festival de Inverno do Rio, com oito edi\u00e7\u00f5es de sucesso, o Rock Brasil 40 anos e 90\u00b4s Festival s\u00e3o exemplos de projetos que ganharam o cora\u00e7\u00e3o do p\u00fablico e tamb\u00e9m criaram um disputado espa\u00e7o de Live Marketing para patrocinadores e parceiros. Atuando no Rio, onde est\u00e1 sediada, S\u00e3o Paulo, Esp\u00edrito Santo e Pernambuco, a PECK hoje \u00e9 mais que uma produtora de shows e festivais; \u00e9 uma empresa de cria\u00e7\u00e3o de experi\u00eancias por meio da m\u00fasica, com uma ag\u00eancia pr\u00f3pria \u2013 comandada pela publicit\u00e1ria Andrea Mecenas \u2013 funcionando internamente junto \u00e0 produ\u00e7\u00e3o e dedicada ao seu calend\u00e1rio de eventos. O resultado \u00e9 a excel\u00eancia tanto no retorno ao patrocinador e parceiros quanto na experi\u00eancia inesquec\u00edvel para o p\u00fablico. Labels de sucesso como Vivo na Praia, Claro Ver\u00e3o Rio, Claro Ver\u00e3o B\u00fazios, Claro Divers\u00e3o no Parque tamb\u00e9m s\u00e3o produzidos pela PECK.<\/p>\n\n\n\n<p><strong>Programa\u00e7\u00e3o completa:<\/strong><\/p>\n\n\n\n<p><strong>S\u00e1bado, 11 de outubro:<\/strong><\/p>\n\n\n\n<p>Na\u00e7\u00e3o Zumbi &#8211; \u201cDa Lama Ao Caos\u201d<\/p>\n\n\n\n<p>Cidade Negra &#8211; \u201cSobre Todas as For\u00e7as\u201d<\/p>\n\n\n\n<p>Gabriel O Pensador &#8211; &nbsp;\u201cQuebra-Cabe\u00e7a\u201d<\/p>\n\n\n\n<p>Marcelo D2 &#8211; &nbsp;\u201cA Procura da Batida Perfeita\u201d<\/p>\n\n\n\n<p><strong>Domingo, 12 de outubro:<\/strong><\/p>\n\n\n\n<p>Xande de Pilares canta Caetano Veloso<\/p>\n\n\n\n<p>O Grande Encontro (Elba Ramalho, Alceu Valen\u00e7a e Geraldo Azevedo)<\/p>\n\n\n\n<p>Lenine &amp; Marcos Suzano &#8211; \u201cOlho de Peixe\u201d<\/p>\n\n\n\n<p>Los Sebosos Postizos &#8211; &nbsp;\u201cA T\u00e1bua de Esmeralda\u201d, de Jorge Ben Jor<\/p>\n\n\n\n<p><strong>S\u00e1bado, 18 de outubro:<\/strong><\/p>\n\n\n\n<p>Capital Inicial &#8211; &nbsp;\u201cAc\u00fastico MTV\u201d<\/p>\n\n\n\n<p>Ira! &#8211; &nbsp;\u201cAc\u00fastico 20 anos\u201d<\/p>\n\n\n\n<p>Humberto Gessinger &#8211; &nbsp;\u201cAc\u00fastico Engenheiros do Hawaii\u201d<\/p>\n\n\n\n<p>Plebe Rude &#8211; &nbsp;\u201cO Concreto j\u00e1 Rachou\u201d<\/p>\n\n\n\n<p><strong>Domingo, 19 de outubro (Noite do Reggae):<\/strong><\/p>\n\n\n\n<p>Armandinho<\/p>\n\n\n\n<p>Maneva<\/p>\n\n\n\n<p>Edson Gomes<\/p>\n\n\n\n<p>Ponto de Equil\u00edbrio<\/p>\n\n\n\n<p><strong>Servi\u00e7o<\/strong><\/p>\n\n\n\n<p>Festival Cl\u00e1ssicos do Brasil<\/p>\n\n\n\n<p>Datas: 11 a 19 de outubro de 2025<\/p>\n\n\n\n<p>Local: Marina da Gl\u00f3ria, Rio de Janeiro<\/p>\n\n\n\n<p><strong>Ingressos em<\/strong><a href=\"http:\/\/www.classicosdobrasilfestival.com.br\/\" rel=\"noreferrer noopener\" target=\"_blank\"><strong>&nbsp;<\/strong><strong>www.classicosdobrasilfestival.com.br<\/strong><\/a><\/p>\n\n\n\n<p>3\u00ba lote: a partir de R$110,00 &#8211;&nbsp;<strong>AT\u00c9 DIA 07 DE OUTUBRO<\/strong><\/p>\n\n\n\n<p>4\u00ba lote:&nbsp;<strong>A PARTIR DE 08 DE OUTUBRO<\/strong><\/p>\n\n\n\n<p>Pista: Meia: 120,00 \/\/ Inteira: 240,00 \/\/ Social 140,00<\/p>\n\n\n\n<p>Lounge: Meia: 240,00 \/\/ Inteira: 480,00 \/\/ Social: 260,00<\/p>\n","protected":false},"excerpt":{"rendered":"<p>De 10 a 19 de outubro de 2025, a Marina da Gl\u00f3ria, no Rio de Janeiro, ser\u00e1 palco do Festival<\/p>\n","protected":false},"author":1,"featured_media":9109,"comment_status":"closed","ping_status":"open","sticky":false,"template":"","format":"standard","meta":{"colormag_page_container_layout":"default_layout","colormag_page_sidebar_layout":"default_layout","ngg_post_thumbnail":0,"footnotes":""},"categories":[36,34],"tags":[],"class_list":["post-9108","post","type-post","status-publish","format-standard","has-post-thumbnail","hentry","category-destaques","category-noticias"],"_links":{"self":[{"href":"https:\/\/roteiroscariocas.com.br\/index.php\/wp-json\/wp\/v2\/posts\/9108","targetHints":{"allow":["GET"]}}],"collection":[{"href":"https:\/\/roteiroscariocas.com.br\/index.php\/wp-json\/wp\/v2\/posts"}],"about":[{"href":"https:\/\/roteiroscariocas.com.br\/index.php\/wp-json\/wp\/v2\/types\/post"}],"author":[{"embeddable":true,"href":"https:\/\/roteiroscariocas.com.br\/index.php\/wp-json\/wp\/v2\/users\/1"}],"replies":[{"embeddable":true,"href":"https:\/\/roteiroscariocas.com.br\/index.php\/wp-json\/wp\/v2\/comments?post=9108"}],"version-history":[{"count":1,"href":"https:\/\/roteiroscariocas.com.br\/index.php\/wp-json\/wp\/v2\/posts\/9108\/revisions"}],"predecessor-version":[{"id":9110,"href":"https:\/\/roteiroscariocas.com.br\/index.php\/wp-json\/wp\/v2\/posts\/9108\/revisions\/9110"}],"wp:featuredmedia":[{"embeddable":true,"href":"https:\/\/roteiroscariocas.com.br\/index.php\/wp-json\/wp\/v2\/media\/9109"}],"wp:attachment":[{"href":"https:\/\/roteiroscariocas.com.br\/index.php\/wp-json\/wp\/v2\/media?parent=9108"}],"wp:term":[{"taxonomy":"category","embeddable":true,"href":"https:\/\/roteiroscariocas.com.br\/index.php\/wp-json\/wp\/v2\/categories?post=9108"},{"taxonomy":"post_tag","embeddable":true,"href":"https:\/\/roteiroscariocas.com.br\/index.php\/wp-json\/wp\/v2\/tags?post=9108"}],"curies":[{"name":"wp","href":"https:\/\/api.w.org\/{rel}","templated":true}]}}