{"id":9148,"date":"2025-10-11T23:02:41","date_gmt":"2025-10-12T02:02:41","guid":{"rendered":"https:\/\/roteiroscariocas.com.br\/?p=9148"},"modified":"2025-10-13T23:07:53","modified_gmt":"2025-10-14T02:07:53","slug":"corte-real-2026-segundo-dia-das-eliminatorias-define-semifinalistas-cercado-de-momentos-emocionantes","status":"publish","type":"post","link":"https:\/\/roteiroscariocas.com.br\/index.php\/2025\/10\/11\/corte-real-2026-segundo-dia-das-eliminatorias-define-semifinalistas-cercado-de-momentos-emocionantes\/","title":{"rendered":"Corte Real 2026: segundo dia das eliminat\u00f3rias define semifinalistas, cercado de momentos emocionantes"},"content":{"rendered":"\n<p>Primeira sexta-feira do calend\u00e1rio, dedicada \u00e0 M\u00e1rcia Lage, mostrou toda for\u00e7a e import\u00e2ncia do evento<\/p>\n\n\n\n<p>O Concurso da Corte Real 2026 segue a todo vapor! Nesta sexta-feira (10), o segundo dia de eliminat\u00f3rias colocou os segundos grupos para competir. Com oito candidatos a Rei e 23 a Rainha, o evento promoveu uma disputa acirrada, com direito \u00e0 muitas hist\u00f3rias, viv\u00eancias e, claro, samba no p\u00e9. Entre os postulantes do dia, classificaram-se os candidatos Alexandre Fernandes (11), Jo\u00e3o Pedro Drummond (10), &nbsp;Jonata dos Santos (12), M\u00e1rcio Paulo (16) e Rey Jer\u00f4nimo (13).<\/p>\n\n\n\n<p>Pelo lado das candidatas, as escolhidas foram Ana Carolina Antunes (28), Aninha Paula (33), Caroline Xavier (29), Daniele Alves (38), Dany Oliveira (31), Gabriela Carvalho (42), Ingrid Ferreira (34), Malu Merc\u00eas (44), Ruanda Monteiro (23) e Ver\u00f4nica Jacominn (24). Ao lado dos classificados de quinta (9), todos ir\u00e3o disputar as semifinais, que acontecem na pr\u00f3xima sexta-feira (17\/10).<\/p>\n\n\n\n<p>Com a apresenta\u00e7\u00e3o de Wilson Neto, o Rei Momo de 2022, e Bianca Monteiro, rainha de bateria da Portela, o evento teve in\u00edcio \u00e0s 19h, na Cidade do Samba, com entrada gratuita.Assim como no dia anterior, a banca de jurados contou com Cinthia Camillo, dan\u00e7arina e designer de moda, Quit\u00e9ria Chagas, rainha de bateria da Imp\u00e9rio Serrano, al\u00e9m da cantora Dorina e da vice-presidente da Portela, Nilce Fran.<\/p>\n\n\n\n<p>As adi\u00e7\u00f5es da vez foram George Louzada, diretor art\u00edstico e coordenador de ala da Mocidade; Bruno Chateaubriand, jornalista e j\u00fari do Estandarte de Ouro, e Selminha Sorriso, grande porta-bandeira da Beija-Flor. Al\u00e9m disso, tamb\u00e9m fizeram parte da mesa o presidente da Riotur, Bernardo Fellows, o vice-presidente Lu\u00eds Monsores e o diretor de opera\u00e7\u00f5es Fl\u00e1vio Teixeira.<\/p>\n\n\n\n<p>\u201cCada candidato que sobe ao palco mostra o quanto a Corte do Rio \u00e9 feita de paix\u00e3o, t\u00e9cnica e entrega. Est\u00e1 sendo um ano muito disputado, e isso s\u00f3 engrandece o concurso e a nossa festa.\u201d, disse Fellows.<\/p>\n\n\n\n<p>Al\u00e9m do concurso, o evento foi dominado por apresenta\u00e7\u00f5es especiais: os tradicionais \u2018Samba da Alvorada\u2019 e \u2018Samba da Volta\u2019, queridinhos do p\u00fablico carioca, s\u00e3o sucesso absoluto nos fins de semana do Rio. Ambos aqueceram os \u00e2nimos e fizeram a abertura e o encerramento da noite, respectivamente. Junto, o espet\u00e1culo \u2018Rio Samba Show\u2019 conduziu a maior parte do evento, incluindo as apresenta\u00e7\u00f5es dos candidatos. Al\u00e9m disso, as gigantes Portela e Mocidade levaram todos ao del\u00edrio com seus passistas e sambas hist\u00f3ricos, que s\u00e3o eternos na cultura popular.<\/p>\n\n\n\n<p>A segunda noite homenageou outro grande nome da hist\u00f3ria do carnaval: a carnavalesca M\u00e1rcia Lage. Aluna da Escola de Belas Artes (EBA), Lage teve passagens hist\u00f3ricas por escolas como Mocidade, Salgueiro e Imp\u00e9rio Serrano. Ao lado de seu marido, Renato Lage, a carioca participou de desfiles lend\u00e1rios, como o tricampeonato da escola de Padre Miguel nos anos 90 (90, 91 e 96), e veio a falecer em janeiro de 2025, enquanto assinava o desfile da mesma agremia\u00e7\u00e3o.<\/p>\n\n\n\n<p>Como parte da homenagem, Renato subiu ao palco para celebrar a mem\u00f3ria de sua companheira. &#8220;\u00c9 uma feliz surpresa essa homenagem para minha rainha. Tivemos 32 anos de parceria, filhos e muitos trabalhos, e agora, tenho que seguir sozinho, e procuro fazer de tudo para honr\u00e1-la&#8221;. O carnavalesco lembrou o desfile de 1999 da Mocidade, intitulado &nbsp;\u201cVilla-Lobos e a apoteose brasileira\u201d, que foi assinado pelos dois como forma de celebrar a paix\u00e3o de M\u00e1rcia pela m\u00fasica. \u201cEla era musicista. Tocava o piano que tenho em casa at\u00e9 hoje. E era apaixonada por Villa-Lobos\u201d. &nbsp;<\/p>\n\n\n\n<p>Todos os dias da Corte s\u00e3o transmitidos ao vivo no Youtube, atrav\u00e9s do canal oficial da Riotur (@Rioturoficial) e do Fita Amarela (@Fitamarela).<\/p>\n\n\n\n<p>Confira o calend\u00e1rio do Concurso Corte Real Carnaval:<\/p>\n\n\n\n<p>Dia 09\/10 \u2013 1\u00aa Fase Eliminat\u00f3ria (Rei e Rainha)<br>Dia 10\/10 \u2013 2\u00aa Fase Eliminat\u00f3ria (Rei e Rainha)<br>Dia 16\/10 \u2013 Semifinal LGBT+ (Muso, Musa e Pessoa N\u00e3o-Bin\u00e1ria)<br>Dia 17\/10 \u2013 Semifinal (Rei e Rainha)<br>Dia 23\/10 \u2013 Final LGBT+ (Muso, Musa e Pessoa N\u00e3o-Bin\u00e1ria)<br>Dia 24\/10 \u2013 Final (Rei e Rainha)<\/p>\n\n\n\n<p>Confira a programa\u00e7\u00e3o de homenagens e shows completa:<\/p>\n\n\n\n<p>Dia 09\/10 (Lygia Santos) \u2013 Um Am\u00f4, Viradouro e Rio Samba Show<br>Dia 10\/10 (M\u00e1rcia Lage) \u2013 Samba da Alvorada, Portela e Mocidade, Rio Samba Show e Samba da Volta<br>Dia 16\/10 (Maria Augusta) \u2013 Sapagode, Grande Rio, Rio Samba Show e Karoline Absyntho<br>Dia 17\/10 (Rosa Magalh\u00e3es) \u2013 Mo\u00e7a Prosa, Salgueiro, Terreiro de Crioulo e Rio Samba Show<br>Dia 23\/10 (Preta Gil) \u2013 Samba Que Elas Querem, Imperatriz, Maime dos Brilhos, Karina Kar\u00e3o e Sambay<br>Dia 24\/10 (Arlindo Cruz, Bira Presidente, Gilsinho da Portela e homenageados anteriores) \u2013 Quintal da Magia, Beija-Flor e Arlindinho<\/p>\n\n\n\n<p>Outras informa\u00e7\u00f5es por e-mail: imprensa.riotur@prefeitura.rio<\/p>\n\n\n\n<p>Servi\u00e7o:<\/p>\n\n\n\n<p>Concurso Corte Real do Carnaval 2026<br>Datas: 09\/10<br>Hor\u00e1rio: 19h<br>Local: R. Rivad\u00e1via Corr\u00eaa, 60 \u2013 Santo Cristo (Cidade do Samba)<br>Melhor forma de chegar: VLT \u2013 Linha 1 (Santos Dumont x Terminal Gentileza). Basta desembarcar na esta\u00e7\u00e3o Cidade do Samba\/Tia Ciata<br>Entrada gratuita<\/p>\n","protected":false},"excerpt":{"rendered":"<p>Primeira sexta-feira do calend\u00e1rio, dedicada \u00e0 M\u00e1rcia Lage, mostrou toda for\u00e7a e import\u00e2ncia do evento O Concurso da Corte Real<\/p>\n","protected":false},"author":1,"featured_media":9149,"comment_status":"closed","ping_status":"open","sticky":false,"template":"","format":"standard","meta":{"colormag_page_container_layout":"default_layout","colormag_page_sidebar_layout":"default_layout","ngg_post_thumbnail":0,"footnotes":""},"categories":[40,45,34],"tags":[],"class_list":["post-9148","post","type-post","status-publish","format-standard","has-post-thumbnail","hentry","category-hot","category-riocarnaval","category-noticias"],"_links":{"self":[{"href":"https:\/\/roteiroscariocas.com.br\/index.php\/wp-json\/wp\/v2\/posts\/9148","targetHints":{"allow":["GET"]}}],"collection":[{"href":"https:\/\/roteiroscariocas.com.br\/index.php\/wp-json\/wp\/v2\/posts"}],"about":[{"href":"https:\/\/roteiroscariocas.com.br\/index.php\/wp-json\/wp\/v2\/types\/post"}],"author":[{"embeddable":true,"href":"https:\/\/roteiroscariocas.com.br\/index.php\/wp-json\/wp\/v2\/users\/1"}],"replies":[{"embeddable":true,"href":"https:\/\/roteiroscariocas.com.br\/index.php\/wp-json\/wp\/v2\/comments?post=9148"}],"version-history":[{"count":1,"href":"https:\/\/roteiroscariocas.com.br\/index.php\/wp-json\/wp\/v2\/posts\/9148\/revisions"}],"predecessor-version":[{"id":9150,"href":"https:\/\/roteiroscariocas.com.br\/index.php\/wp-json\/wp\/v2\/posts\/9148\/revisions\/9150"}],"wp:featuredmedia":[{"embeddable":true,"href":"https:\/\/roteiroscariocas.com.br\/index.php\/wp-json\/wp\/v2\/media\/9149"}],"wp:attachment":[{"href":"https:\/\/roteiroscariocas.com.br\/index.php\/wp-json\/wp\/v2\/media?parent=9148"}],"wp:term":[{"taxonomy":"category","embeddable":true,"href":"https:\/\/roteiroscariocas.com.br\/index.php\/wp-json\/wp\/v2\/categories?post=9148"},{"taxonomy":"post_tag","embeddable":true,"href":"https:\/\/roteiroscariocas.com.br\/index.php\/wp-json\/wp\/v2\/tags?post=9148"}],"curies":[{"name":"wp","href":"https:\/\/api.w.org\/{rel}","templated":true}]}}